{"id":10675,"date":"2022-12-03T06:55:59","date_gmt":"2022-12-03T12:55:59","guid":{"rendered":"https:\/\/noticiasveracruz.com\/?p=10675"},"modified":"2022-12-03T06:56:53","modified_gmt":"2022-12-03T12:56:53","slug":"oms-90-de-la-poblacion-tiene-cierta-inmunidad-al-covid-19","status":"publish","type":"post","link":"https:\/\/noticiasveracruz.com\/index.php\/2022\/12\/03\/oms-90-de-la-poblacion-tiene-cierta-inmunidad-al-covid-19\/","title":{"rendered":"OMS: 90% de la poblaci\u00f3n tiene cierta inmunidad al Covid 19"},"content":{"rendered":"<p class=\"p1\"><span style=\"font-size: 14pt;\"><em><strong>GINEBRA, SUIZA.<\/strong> <\/em>El director de la <strong>Organizaci\u00f3n Mundial de la Salud<\/strong> (OMS), <strong>Tedros Adhanom Ghebreyesus<\/strong>, expres\u00f3 que al menos el <strong>90 por ciento de los habitantes del mundo son inmunes de alguna manera<\/strong> a la enfermedad de la Covid 19.<\/span><\/p>\n<p>&nbsp;<\/p>\n<blockquote>\n<p class=\"p1\"><span style=\"font-size: 14pt;\">La OMS estima que al menos el 90 por ciento de la poblaci\u00f3n mundial tiene actualmente alg\u00fan nivel de inmunidad al SARS CoV-2 debido a una infecci\u00f3n previa o a la vacunaci\u00f3n\u201d, recalc\u00f3 Tedros Adhanom Ghebreyesus<\/span><\/p>\n<\/blockquote>\n<p>&nbsp;<\/p>\n<p><img loading=\"lazy\" decoding=\"async\" class=\"aligncenter wp-image-13355 size-large\" src=\"https:\/\/politicosaldesnudo.com.mx\/wp-content\/uploads\/2022\/12\/P-COVID-OMS-2-1024x573.png\" alt=\"\" width=\"800\" height=\"448\" \/><\/p>\n<p>&nbsp;<\/p>\n<p class=\"p1\"><span style=\"font-size: 18pt;\"><strong>Asimismo, el directivo de la organizaci\u00f3n sanitaria, Tedros Adhanom Ghebreyesus alert\u00f3 que la semana pasada se registraron m\u00e1s de 8,500 decesos, aunque el n\u00famero de fallecimientos semanales por el padecimiento ha tenido un peque\u00f1o descenso. \u00a0<\/strong><\/span><\/p>\n<p>&nbsp;<\/p>\n<blockquote>\n<p class=\"p1\"><span style=\"font-size: 14pt;\">No podemos asegurar que la fase de emergencia de esta pandemia haya quedado atr\u00e1s. Lo esper\u00e1bamos, pero hasta ahora no ha sucedido\u201d<\/span><\/p>\n<\/blockquote>\n<p>&nbsp;<\/p>\n<p class=\"p1\"><span style=\"font-size: 14pt;\">Asimismo, declar\u00f3 que existen condiciones que favorecen la aparici\u00f3n de nuevas variantes, que podr\u00edan ser un catalizador de mortalidad.<\/span><\/p>\n<p class=\"p1\"><span style=\"font-size: 18pt;\"><strong>Datos ofrecidos por Tedros Adhanom Ghebreyesus confirmaron que las muertes por el coronavirus en el mundo disminuyeron desde el pasado mes de febrero en casi un 90 por ciento, y puntualiz\u00f3 que en la actualidad existen m\u00e1s de 500 subvariantes de \u00d3micron.<\/strong><\/span><\/p>\n<p>&nbsp;<\/p>\n<blockquote>\n<p class=\"p1\"><span style=\"font-size: 14pt;\">Estamos mucho m\u00e1s cerca de poder decir que la fase de emergencia de la pandemia ha terminado, pero a\u00fan no hemos llegado\u201d<\/span><\/p>\n<\/blockquote>\n<p>&nbsp;<\/p>\n<p class=\"p1\"><span style=\"font-size: 14pt;\">Desde el 11 de marzo de 2020, la OMS calific\u00f3 como pandemia a la enfermedad de la Covid 19, causada por el SARS-CoV-2 y que fuera detectado a fines de 2019.<\/span><\/p>\n","protected":false},"excerpt":{"rendered":"<p>GINEBRA, SUIZA. El director de la Organizaci\u00f3n Mundial de la Salud (OMS), Tedros Adhanom Ghebreyesus, expres\u00f3 que al menos el<\/p>\n","protected":false},"author":4,"featured_media":10676,"comment_status":"closed","ping_status":"closed","sticky":false,"template":"","format":"standard","meta":{"colormag_page_container_layout":"default_layout","colormag_page_sidebar_layout":"default_layout","_jetpack_memberships_contains_paid_content":false,"footnotes":"","jetpack_publicize_message":"","jetpack_publicize_feature_enabled":true,"jetpack_social_post_already_shared":true,"jetpack_social_options":{"image_generator_settings":{"template":"highway","default_image_id":0,"font":"","enabled":false},"version":2}},"categories":[355],"tags":[29,63,64],"class_list":["post-10675","post","type-post","status-publish","format-standard","has-post-thumbnail","hentry","category-internacional","tag-covid-19","tag-oms","tag-tedros-adhanom-ghebreyesus"],"jetpack_publicize_connections":[],"jetpack_featured_media_url":"https:\/\/noticiasveracruz.com\/wp-content\/uploads\/2022\/12\/P-COVID-OMS-1.png","jetpack_sharing_enabled":true,"publishpress_future_action":{"enabled":false,"date":"2026-05-06 22:59:15","action":"change-status","newStatus":"draft","terms":[],"taxonomy":"category","extraData":[]},"publishpress_future_workflow_manual_trigger":{"enabledWorkflows":[]},"_links":{"self":[{"href":"https:\/\/noticiasveracruz.com\/index.php\/wp-json\/wp\/v2\/posts\/10675","targetHints":{"allow":["GET"]}}],"collection":[{"href":"https:\/\/noticiasveracruz.com\/index.php\/wp-json\/wp\/v2\/posts"}],"about":[{"href":"https:\/\/noticiasveracruz.com\/index.php\/wp-json\/wp\/v2\/types\/post"}],"author":[{"embeddable":true,"href":"https:\/\/noticiasveracruz.com\/index.php\/wp-json\/wp\/v2\/users\/4"}],"replies":[{"embeddable":true,"href":"https:\/\/noticiasveracruz.com\/index.php\/wp-json\/wp\/v2\/comments?post=10675"}],"version-history":[{"count":0,"href":"https:\/\/noticiasveracruz.com\/index.php\/wp-json\/wp\/v2\/posts\/10675\/revisions"}],"wp:featuredmedia":[{"embeddable":true,"href":"https:\/\/noticiasveracruz.com\/index.php\/wp-json\/wp\/v2\/media\/10676"}],"wp:attachment":[{"href":"https:\/\/noticiasveracruz.com\/index.php\/wp-json\/wp\/v2\/media?parent=10675"}],"wp:term":[{"taxonomy":"category","embeddable":true,"href":"https:\/\/noticiasveracruz.com\/index.php\/wp-json\/wp\/v2\/categories?post=10675"},{"taxonomy":"post_tag","embeddable":true,"href":"https:\/\/noticiasveracruz.com\/index.php\/wp-json\/wp\/v2\/tags?post=10675"}],"curies":[{"name":"wp","href":"https:\/\/api.w.org\/{rel}","templated":true}]}}