{"id":10662,"date":"2022-12-02T07:57:12","date_gmt":"2022-12-02T13:57:12","guid":{"rendered":"https:\/\/noticiasveracruz.com\/?p=10662"},"modified":"2022-12-02T08:03:37","modified_gmt":"2022-12-02T14:03:37","slug":"por-primera-vez-ahmpresetur-reune-a-47-empresas-en-expo-proveedores","status":"publish","type":"post","link":"https:\/\/noticiasveracruz.com\/index.php\/2022\/12\/02\/por-primera-vez-ahmpresetur-reune-a-47-empresas-en-expo-proveedores\/","title":{"rendered":"\u00a1Por primera vez! AHMPRESETUR re\u00fane a 47 empresas en \u201cExpo Proveedores\u201d"},"content":{"rendered":"<p>&nbsp;<\/p>\n<p class=\"p2\"><span style=\"font-size: 14pt;\"><em><strong>POZA RICA, VERACRUZ.<\/strong><\/em>Se llev\u00f3 a cabo la primera <strong>\u201cExpo Proveedores\u201d de AHMPRESETUR<\/strong> con el objetivo de que<strong> expositores exhibieron sus productos, novedades y ofertas para hoteles y restaurantes.<\/strong><\/span><\/p>\n<p class=\"p2\"><span style=\"font-size: 18pt; color: #e42d33;\"><strong>Por su parte, Cecilia Uresti Villegas, presidenta la Asociaci\u00f3n de Hoteles, Moteles y Prestadores de Servicios Tur\u00edsticos de la regi\u00f3n Totonaca (AHMPRESETUR ) en su intervenci\u00f3n destac\u00f3 la importancia de reunir por primera ocasi\u00f3n en un solo lugar a los proveedores de servicios para hoteles y restaurantes.<\/strong><\/span><\/p>\n<p>&nbsp;<\/p>\n<p><img loading=\"lazy\" decoding=\"async\" class=\"aligncenter wp-image-13338 size-large\" src=\"https:\/\/politicosaldesnudo.com.mx\/wp-content\/uploads\/2022\/12\/P-EXPO-PROVEEDORES-1-1024x573.png\" alt=\"\" width=\"800\" height=\"448\" \/><\/p>\n<p>&nbsp;<\/p>\n<p class=\"p2\"><span style=\"font-size: 18pt;\"><strong>Los visitantes pudieron conocer los servicios que requieren y demandan para el buen funcionamiento de las empresa del ramo. <\/strong><\/span><\/p>\n<p class=\"p2\"><span style=\"font-size: 18pt;\"><strong>Un acierto de AHMPRESETUR fue reunir a los mejores proveedores de la regi\u00f3n con el objetivo delograr v\u00ednculos comerciales, hacer los contactos tanto de proveedores como de clientes. <\/strong><\/span><\/p>\n<p>&nbsp;<\/p>\n<blockquote>\n<p class=\"p2\"><span style=\"font-size: 14pt;\">Hoy tenemos la oportunidad de enlazar empresas locales productivas para fortalecer el consumo local y regional\u201d, se\u00f1al\u00f3 Cecilia Uresti Villegas<\/span><\/p>\n<\/blockquote>\n<p>&nbsp;<\/p>\n<p><img loading=\"lazy\" decoding=\"async\" class=\"aligncenter wp-image-13341 size-large\" src=\"https:\/\/politicosaldesnudo.com.mx\/wp-content\/uploads\/2022\/12\/P-EXPO-PROVEEDORES-4-1024x573.png\" alt=\"\" width=\"800\" height=\"448\" \/><\/p>\n<p>&nbsp;<\/p>\n<p class=\"p2\"><span style=\"font-size: 18pt;\"><strong>Las empresas<span class=\"Apple-converted-space\">\u00a0 <\/span>participaron con ponencias de expertos en gastronom\u00eda, equipo y somelier. <\/strong><\/span><\/p>\n<p class=\"p2\"><span style=\"font-size: 18pt; color: #e42d33;\"><strong>Los representantes de hoteles y restaurantes tambi\u00e9n pudieron conocer algunos productos como, vainilla, caf\u00e9, miel, canela, pimienta productos del campo que son calidad de exportaci\u00f3n y son parte de la econom\u00eda regional. <\/strong><\/span><\/p>\n<p>&nbsp;<\/p>\n<blockquote>\n<p class=\"p2\"><span style=\"font-size: 14pt;\">En la AHMPRESETUR tenemos claro que uniendo esfuerzos fortalecemos la econom\u00eda\u201d, concluy\u00f3 Cecilia Uresti Villegas<\/span><\/p>\n<\/blockquote>\n<p>&nbsp;<\/p>\n<p class=\"p2\"><span style=\"font-size: 14pt;\">Durante la<span class=\"Apple-converted-space\">\u00a0 <\/span>inauguraci\u00f3n se cont\u00f3 con la presencia de Omar Castro Prado en representaci\u00f3n del Secretario de Turismo del Estado, Ivan Mart\u00ednez Olvera, as\u00ed como la participaron<span class=\"Apple-converted-space\">\u00a0 <\/span>ediles de varios municipios de la regi\u00f3n y la presencia de integrantes de C\u00e1maras empresariales, Rectores y directores de<span class=\"Apple-converted-space\">\u00a0 <\/span>universidades y estudiantes de las carreras de turismo, gesti\u00f3n empresarial y gastronom\u00eda. <\/span><\/p>\n<p>&nbsp;<\/p>\n<p><img loading=\"lazy\" decoding=\"async\" class=\"aligncenter wp-image-13342 size-large\" src=\"https:\/\/politicosaldesnudo.com.mx\/wp-content\/uploads\/2022\/12\/P-EXPO-PROVEEDORES-2-1024x573.png\" alt=\"\" width=\"800\" height=\"448\" \/><\/p>\n<p>&nbsp;<\/p>\n<p>&nbsp;<\/p>\n<p>&nbsp;<\/p>\n<p>&nbsp;<\/p>\n","protected":false},"excerpt":{"rendered":"<p>&nbsp; POZA RICA, VERACRUZ.Se llev\u00f3 a cabo la primera \u201cExpo Proveedores\u201d de AHMPRESETUR con el objetivo de que expositores exhibieron<\/p>\n","protected":false},"author":4,"featured_media":10665,"comment_status":"closed","ping_status":"closed","sticky":false,"template":"","format":"standard","meta":{"colormag_page_container_layout":"default_layout","colormag_page_sidebar_layout":"default_layout","_jetpack_memberships_contains_paid_content":false,"footnotes":"","jetpack_publicize_message":"","jetpack_publicize_feature_enabled":true,"jetpack_social_post_already_shared":true,"jetpack_social_options":{"image_generator_settings":{"template":"highway","default_image_id":0,"font":"","enabled":false},"version":2}},"categories":[145],"tags":[402,403,1794,1796,433,1795,1797,73],"class_list":["post-10662","post","type-post","status-publish","format-standard","has-post-thumbnail","hentry","category-estados","tag-ahmpresetur","tag-cecilia-uresti-villegas","tag-expo-proveedores","tag-hoteles","tag-poza-rica","tag-productos","tag-restaurantes","tag-veracruz"],"jetpack_publicize_connections":[],"jetpack_featured_media_url":"https:\/\/noticiasveracruz.com\/wp-content\/uploads\/2022\/12\/P-EXPO-PROVEEDORES-3.png","jetpack_sharing_enabled":true,"publishpress_future_action":{"enabled":false,"date":"2026-05-06 23:44:44","action":"change-status","newStatus":"draft","terms":[],"taxonomy":"category","extraData":[]},"publishpress_future_workflow_manual_trigger":{"enabledWorkflows":[]},"_links":{"self":[{"href":"https:\/\/noticiasveracruz.com\/index.php\/wp-json\/wp\/v2\/posts\/10662","targetHints":{"allow":["GET"]}}],"collection":[{"href":"https:\/\/noticiasveracruz.com\/index.php\/wp-json\/wp\/v2\/posts"}],"about":[{"href":"https:\/\/noticiasveracruz.com\/index.php\/wp-json\/wp\/v2\/types\/post"}],"author":[{"embeddable":true,"href":"https:\/\/noticiasveracruz.com\/index.php\/wp-json\/wp\/v2\/users\/4"}],"replies":[{"embeddable":true,"href":"https:\/\/noticiasveracruz.com\/index.php\/wp-json\/wp\/v2\/comments?post=10662"}],"version-history":[{"count":0,"href":"https:\/\/noticiasveracruz.com\/index.php\/wp-json\/wp\/v2\/posts\/10662\/revisions"}],"wp:featuredmedia":[{"embeddable":true,"href":"https:\/\/noticiasveracruz.com\/index.php\/wp-json\/wp\/v2\/media\/10665"}],"wp:attachment":[{"href":"https:\/\/noticiasveracruz.com\/index.php\/wp-json\/wp\/v2\/media?parent=10662"}],"wp:term":[{"taxonomy":"category","embeddable":true,"href":"https:\/\/noticiasveracruz.com\/index.php\/wp-json\/wp\/v2\/categories?post=10662"},{"taxonomy":"post_tag","embeddable":true,"href":"https:\/\/noticiasveracruz.com\/index.php\/wp-json\/wp\/v2\/tags?post=10662"}],"curies":[{"name":"wp","href":"https:\/\/api.w.org\/{rel}","templated":true}]}}