{"id":10645,"date":"2022-12-01T15:19:41","date_gmt":"2022-12-01T21:19:41","guid":{"rendered":"https:\/\/noticiasveracruz.com\/?p=10645"},"modified":"2022-12-02T07:28:51","modified_gmt":"2022-12-02T13:28:51","slug":"rusia-no-sera-posible-restablecer-relaciones-con-occidente","status":"publish","type":"post","link":"https:\/\/noticiasveracruz.com\/index.php\/2022\/12\/01\/rusia-no-sera-posible-restablecer-relaciones-con-occidente\/","title":{"rendered":"Rusia: No ser\u00e1 posible restablecer relaciones con Occidente\u00a0"},"content":{"rendered":"<p>&nbsp;<\/p>\n<p class=\"p1\"><span style=\"font-size: 14pt;\"><em><strong>MOSC\u00da, RUSIA.<\/strong> <\/em><strong>Se lleg\u00f3 a un punto en que ya no ser\u00e1 posible restablecer las relaciones que tuvieron Rusia y Occidente<\/strong>, eufemismo por Estados Unidos y sus aliados de la OTAN (Organizaci\u00f3n del Tratado del Atl\u00e1ntico Norte), declar\u00f3 el <strong>ministro de Relaciones Exteriores de Rusia, Serguei Lavrov.<\/strong><\/span><\/p>\n<p>&nbsp;<\/p>\n<blockquote>\n<p class=\"p1\"><span style=\"font-size: 14pt;\">Si alg\u00fan d\u00eda nuestros vecinos de Occidente y antiguos socios de repente se interesan en restablecer los trabajos conjuntos sobre la seguridad europea, no se podr\u00e1 simplemente. Ya que restablecer significa volver a lo que se ten\u00eda antes. Y eso es imposible\u201d, explic\u00f3 Serguei Lavrov en una conferencia de prensa por Internet dedicada a la seguridad europea.<\/span><\/p>\n<\/blockquote>\n<p>&nbsp;<\/p>\n<p class=\"p1\"><span style=\"font-size: 18pt;\"><strong>El jefe de la diplomacia rusa <span style=\"font-size: 14pt;\"><span style=\"font-size: 18pt;\">Serguei Lavrov<\/span> <\/span>convoc\u00f3 de urgencia a los reporteros despu\u00e9s de que las autoridades de Polonia, que ejerce la presidencia rotatoria de la OSCE (Organizaci\u00f3n para la Seguridad y Cooperaci\u00f3n Econ\u00f3mica), le negaron la entrada a la ciudad polaca de Lodz que este jueves y viernes ser\u00e1 sede de una reuni\u00f3n del Consejo de Ministros (de Relaciones Exteriores) de la organizaci\u00f3n, de la cual Rusia es miembro.<\/strong><\/span><\/p>\n<p>&nbsp;<\/p>\n<p><span style=\"font-size: 18pt; color: #e42d33;\"><strong>RUSIA ENUMERA SU POL\u00cdTICA<\/strong><\/span><\/p>\n<p class=\"p1\"><span style=\"font-size: 18pt;\"><strong>Lavrov aprovech\u00f3 la ocasi\u00f3n para repetir algunos de los argumentos que usa Rusia para justificar su pol\u00edtica en el contexto de la guerra que libra en Ucrania ya m\u00e1s de nueve meses. El canciller ruso afirm\u00f3:<\/strong><\/span><\/p>\n<p>&nbsp;<\/p>\n<ol style=\"list-style-type: upper-alpha;\">\n<li class=\"p1\"><span style=\"font-size: 18pt; color: #e42d33;\"><strong>Que Estados Unidos y sus aliados de la Organizaci\u00f3n del Tratado del Atl\u00e1ntico Norte (OTAN) \u201cson parte de esa guerra no s\u00f3lo por suministrar armamento a Ucrania, sino por preparar a sus militares en Gran Breta\u00f1a, Alemania, Italia y otros pa\u00edses\u201d.<\/strong><\/span><\/li>\n<li class=\"p1\"><span style=\"font-size: 14pt;\">Que Rusia \u201cataca con misiles la infraestructura energ\u00e9tica de Ucrania debido a que \u00e9sta permite a los pa\u00edses occidentales atiborrar al r\u00e9gimen neonazi de Kiev de armamento que mata a rusos\u201d.<\/span><\/li>\n<li class=\"p1\"><span style=\"font-size: 18pt;\"><strong>Que Rusia \u201clleva a cabo en Ucrania una operaci\u00f3n militar para defender sus intereses leg\u00edtimos con base en el derecho internacional y no conforme a las reglas que imponen a otros los estadounidenses\u201d.<\/strong><\/span><\/li>\n<li class=\"p1\"><span style=\"font-size: 14pt;\">Que Mosc\u00fa decidi\u00f3 posponer las conversaciones sobre reducci\u00f3n de armamento nuclear esta semana por cuanto \u201ces imposible hablar de estabilidad estrat\u00e9gica en este momento cuando se ignora todo lo que ocurre en Ucrania\u201d.<\/span><\/li>\n<li class=\"p1\"><span style=\"font-size: 18pt;\"><strong>Que la OTAN \u201cretoma las prioridades de la Guerra Fr\u00eda y quiere dejar Rusia fuera de Europa\u201d y la OSCE \u201ces ya una organizaci\u00f3n marginal\u00ad\u00ad\u00ad y su actual presidencia rotatoria, Polonia, est\u00e1 cavando su tumba al fragmentar los espacios europeos\u201d.<\/strong><\/span><\/li>\n<li class=\"p1\"><span style=\"font-size: 14pt;\">Que la Uni\u00f3n Europea \u201cmiente cuando asegura que no se impusieron sanciones a los cereales y fertilizantes rusos porque, si bien no figuran en la lista de restricciones, Rusia no puede realizar transacciones bancarias para financiar las exportaciones y sus embarcaciones no pueden atracar en puertos europeos ni es posible asegurar las cargas\u201d.<\/span><\/li>\n<li class=\"p1\"><span style=\"font-size: 18pt; color: #e42d33;\"><strong>Que Rusia \u201cno ha solicitado ni necesita negociar con Ucrania para ganar tiempo, pero que si alguien est\u00e1 interesado en encontrar una soluci\u00f3n negociada, est\u00e1 dispuesta a escucharlo\u201d.<\/strong><\/span><\/li>\n<li class=\"p1\"><span style=\"font-size: 18pt;\"><strong>Que si Estados Unidos y sus aliados de la OTAN \u201creconocen sus errores y expresan el deseo de discutir los documentos que propusimos en diciembre (del a\u00f1o pasado) ser\u00eda muy positivo, pero dudo que lo hagan. Es m\u00e1s: no s\u00f3lo rechazan las propuestas de Rusia sobre garant\u00edas de seguridad, sino emprendieron decisiones que se contradicen con la perspectiva de reanudar el di\u00e1logo\u201d.<\/strong><\/span><\/li>\n<li class=\"p1\"><span style=\"font-size: 14pt;\">Que \u201del Papa Francisco exhorta a iniciar negociaciones, pero hace declaraciones poco cristianas al decir que dos pueblos rusos (el checheno y el buriata) cometen atrocidades durante los combates y que Rusia espera que no vuelva a hacer ese tipo de acusaciones\u201d.<\/span><\/li>\n<\/ol>\n<p>&nbsp;<\/p>\n<p>&nbsp;<\/p>\n<p>&nbsp;<\/p>\n","protected":false},"excerpt":{"rendered":"<p>&nbsp; MOSC\u00da, RUSIA. Se lleg\u00f3 a un punto en que ya no ser\u00e1 posible restablecer las relaciones que tuvieron Rusia<\/p>\n","protected":false},"author":4,"featured_media":10646,"comment_status":"closed","ping_status":"closed","sticky":false,"template":"","format":"standard","meta":{"colormag_page_container_layout":"default_layout","colormag_page_sidebar_layout":"default_layout","_jetpack_memberships_contains_paid_content":false,"footnotes":"","jetpack_publicize_message":"","jetpack_publicize_feature_enabled":true,"jetpack_social_post_already_shared":true,"jetpack_social_options":{"image_generator_settings":{"template":"highway","default_image_id":0,"font":"","enabled":false},"version":2}},"categories":[355],"tags":[92,1596,676,13,1788,615],"class_list":["post-10645","post","type-post","status-publish","format-standard","has-post-thumbnail","hentry","category-internacional","tag-estados-unidos","tag-occidente","tag-otan","tag-rusia","tag-serguei-lavrov","tag-ucrania"],"jetpack_publicize_connections":[],"jetpack_featured_media_url":"https:\/\/noticiasveracruz.com\/wp-content\/uploads\/2022\/12\/P-RUSIA.png","jetpack_sharing_enabled":true,"publishpress_future_action":{"enabled":false,"date":"2026-05-08 18:21:45","action":"change-status","newStatus":"draft","terms":[],"taxonomy":"category","extraData":[]},"publishpress_future_workflow_manual_trigger":{"enabledWorkflows":[]},"_links":{"self":[{"href":"https:\/\/noticiasveracruz.com\/index.php\/wp-json\/wp\/v2\/posts\/10645","targetHints":{"allow":["GET"]}}],"collection":[{"href":"https:\/\/noticiasveracruz.com\/index.php\/wp-json\/wp\/v2\/posts"}],"about":[{"href":"https:\/\/noticiasveracruz.com\/index.php\/wp-json\/wp\/v2\/types\/post"}],"author":[{"embeddable":true,"href":"https:\/\/noticiasveracruz.com\/index.php\/wp-json\/wp\/v2\/users\/4"}],"replies":[{"embeddable":true,"href":"https:\/\/noticiasveracruz.com\/index.php\/wp-json\/wp\/v2\/comments?post=10645"}],"version-history":[{"count":0,"href":"https:\/\/noticiasveracruz.com\/index.php\/wp-json\/wp\/v2\/posts\/10645\/revisions"}],"wp:featuredmedia":[{"embeddable":true,"href":"https:\/\/noticiasveracruz.com\/index.php\/wp-json\/wp\/v2\/media\/10646"}],"wp:attachment":[{"href":"https:\/\/noticiasveracruz.com\/index.php\/wp-json\/wp\/v2\/media?parent=10645"}],"wp:term":[{"taxonomy":"category","embeddable":true,"href":"https:\/\/noticiasveracruz.com\/index.php\/wp-json\/wp\/v2\/categories?post=10645"},{"taxonomy":"post_tag","embeddable":true,"href":"https:\/\/noticiasveracruz.com\/index.php\/wp-json\/wp\/v2\/tags?post=10645"}],"curies":[{"name":"wp","href":"https:\/\/api.w.org\/{rel}","templated":true}]}}