{"id":10637,"date":"2022-12-01T19:02:45","date_gmt":"2022-12-02T01:02:45","guid":{"rendered":"https:\/\/noticiasveracruz.com\/?p=10637"},"modified":"2022-12-01T19:02:45","modified_gmt":"2022-12-02T01:02:45","slug":"en-2023-salario-minimo-de-mexicanos-aumenta-20-se-beneficiara-a-6-4-millones-de-trabajadores","status":"publish","type":"post","link":"https:\/\/noticiasveracruz.com\/index.php\/2022\/12\/01\/en-2023-salario-minimo-de-mexicanos-aumenta-20-se-beneficiara-a-6-4-millones-de-trabajadores\/","title":{"rendered":"En 2023 salario m\u00ednimo de mexicanos aumenta 20%, se beneficiar\u00e1 a 6.4 millones de trabajadores\u00a0"},"content":{"rendered":"<p class=\"p1\">\n<p class=\"p1\"><span style=\"font-size: 14pt;\"><em><strong>CIUDAD DE M\u00c9XICO.<\/strong> <\/em>El presidente <strong>Andr\u00e9s Manuel L\u00f3pez Obrador<\/strong> celebr\u00f3 que <strong>resultado del acuerdo alcanzado entre el gobierno federal y los sectores empresarial y obrero<\/strong>,\u00a0el <strong>salario m\u00ednimo aumentar\u00e1 20 por ciento en 2023. <\/strong><\/span><\/p>\n<p class=\"p1\"><span style=\"font-size: 18pt; color: #e42d33;\"><strong>A partir del 1 de enero alrededor de\u00a06.4 millones de trabajadores\u00a0del pa\u00eds se beneficiar\u00e1n con el incremento a mil 52 pesos al mes.<\/strong><\/span><\/p>\n<p>&nbsp;<\/p>\n<p><img loading=\"lazy\" decoding=\"async\" class=\"aligncenter wp-image-13309 size-large\" src=\"https:\/\/politicosaldesnudo.com.mx\/wp-content\/uploads\/2022\/12\/P-SALARIO-MINIMO-5-1024x573.png\" alt=\"\" width=\"800\" height=\"448\" \/><\/p>\n<p>&nbsp;<\/p>\n<p class=\"p1\"><span style=\"font-size: 18pt;\"><strong>La\u00a0secretaria del Trabajo y Previsi\u00f3n Social (STPS), Luisa Mar\u00eda Alcalde Luj\u00e1n sostuvo que habr\u00e1 mayor capacidad de compra y la recuperaci\u00f3n del poder adquisitivo subir\u00e1 el pr\u00f3ximo a\u00f1o 90 por ciento en t\u00e9rminos reales en comparaci\u00f3n con 2018.<\/strong><\/span><\/p>\n<p class=\"p1\"><span style=\"font-size: 18pt; color: #e42d33;\"><strong>As\u00ed Luisa Mar\u00eda Alcalde Luj\u00e1n se\u00f1al\u00f3 que alcanzar\u00e1 para comprar una mayor cantidad de elementos de la canasta b\u00e1sica: 5 kilogramos de frijol, 4.6 de huevo y 10.2 de tortillas con base en precios de los productos a octubre de 2022 en el \u00e1rea metropolitana de la Ciudad de M\u00e9xico registrados por el Instituto Nacional de Estad\u00edstica y Geograf\u00eda (INEGI).<\/strong><\/span><\/p>\n<p>&nbsp;<\/p>\n<p><img loading=\"lazy\" decoding=\"async\" class=\"aligncenter wp-image-13306 size-large\" src=\"https:\/\/politicosaldesnudo.com.mx\/wp-content\/uploads\/2022\/12\/P-SALARIO-MINIMO-2-1024x573.png\" alt=\"\" width=\"800\" height=\"448\" \/><\/p>\n<p>&nbsp;<\/p>\n<p class=\"p1\"><span style=\"font-size: 18pt;\"><strong>El salario m\u00ednimo en 207.44 pesos diarios dar\u00e1 dinamismo a la econom\u00eda local, al mercado interno y se apoyar\u00e1 no solamente a los empleados, sino a sus familias, argument\u00f3 la titular de la STPS, Luisa Mar\u00eda Alcalde Luj\u00e1n.<\/strong><\/span><\/p>\n<p class=\"p1\"><span style=\"font-size: 14pt;\">Puntualiz\u00f3 que el alza\u00a0en la zona libre de la frontera norte llegar\u00e1 a 312.41 pesos, lo que representa\u00a0mil 584 pesos mensuales. Con esta acci\u00f3n,\u00a0M\u00e9xico asciende 31 posiciones a nivel internacional respecto a 2020, coloc\u00e1ndose en el lugar 50 de 135 pa\u00edses.<\/span><\/p>\n<p>&nbsp;<\/p>\n<blockquote>\n<p class=\"p1\"><span style=\"font-size: 14pt;\">Hay conciencia, un compromiso de que podamos llegar al 100 por ciento de recuperaci\u00f3n en t\u00e9rminos reales para el fin de esta administraci\u00f3n; tanto el sector obrero como empresarial han asumido ese compromiso entendiendo la importancia que tiene para nuestro pa\u00eds el salario m\u00ednimo\u201d, asever\u00f3 la secretaria<\/span><\/p>\n<\/blockquote>\n<p>&nbsp;<\/p>\n<p>&nbsp;<\/p>\n<p><img loading=\"lazy\" decoding=\"async\" class=\"aligncenter wp-image-13307 size-large\" src=\"https:\/\/politicosaldesnudo.com.mx\/wp-content\/uploads\/2022\/12\/P-SALARIO-MINIMO-3-1024x573.png\" alt=\"\" width=\"800\" height=\"448\" \/><\/p>\n<p>&nbsp;<\/p>\n<p><span style=\"font-size: 18pt; color: #333300;\"><strong>HIST\u00d3RICO AUMENTO TRAS 40 A\u00d1OS<\/strong><\/span><\/p>\n<p class=\"p1\"><span style=\"font-size: 18pt; color: #e42d33;\"><strong>En conferencia de prensa matutina, Andr\u00e9s Manuel L\u00f3pez Obrador resalt\u00f3 que la recuperaci\u00f3n de los ingresos de los trabajadores, a partir del consenso en la Comisi\u00f3n Nacional de Salarios M\u00ednimos (Conasami), es un hecho hist\u00f3rico porque se hab\u00eda rezagado m\u00e1s de 40 a\u00f1os.<\/strong><\/span><\/p>\n<p>&nbsp;<\/p>\n<blockquote>\n<p class=\"p1\"><span style=\"font-size: 14pt;\">Quiero aprovechar para agradecerle al sector obrero y, de manera muy especial, al sector empresarial porque ya llegaron a un acuerdo para el aumento al salario m\u00ednimo. (\u2026) Hay consenso, es decir, sector obrero, sector empresarial y gobierno coinciden una vez m\u00e1s en el incremento al salario m\u00ednimo\u201d<\/span><\/p>\n<\/blockquote>\n<p>&nbsp;<\/p>\n<p class=\"p1\"><span style=\"font-size: 18pt;\"><strong>Adem\u00e1s Andr\u00e9s Manuel L\u00f3pez Obrador refrend\u00f3 el compromiso de la federaci\u00f3n de controlar la inflaci\u00f3n con medidas como el subsidio a los combustibles y el Acuerdo de Apertura Contra la Inflaci\u00f3n y la Carest\u00eda (Apecic), las cuales se traducen en bienestar para las familias mexicanas al proteger su econom\u00eda.<\/strong><\/span><\/p>\n<p>&nbsp;<\/p>\n<blockquote>\n<p class=\"p1\"><span style=\"font-size: 14pt;\">Que ahora se haya logrado este acuerdo es muy importante porque estamos enfrentando una inflaci\u00f3n de car\u00e1cter internacional y existe alguna preocupaci\u00f3n del sector empresarial porque no podemos permitir que se desate la inflaci\u00f3n, que eso afecta mucho\u201d<\/span><\/p>\n<\/blockquote>\n<p>&nbsp;<\/p>\n<p class=\"p1\"><span style=\"font-size: 18pt; color: #e42d33;\"><strong>Andr\u00e9s Manuel L\u00f3pez Obrador descart\u00f3 impactos negativos en el comportamiento del fen\u00f3meno inflacionario a consecuencia del incremento salarial.<\/strong><\/span><\/p>\n<p>&nbsp;<\/p>\n<blockquote>\n<p class=\"p1\"><span style=\"font-size: 14pt;\">\u201cCon este incremento no vemos riesgos de que se dispare la inflaci\u00f3n. (\u2026) Vamos a estar muy pendientes para que esto no se disminuya en los hechos, en t\u00e9rminos reales, sino que se conserve el 90 por ciento del incremento en lo que va de nuestro gobierno\u201d<\/span><\/p>\n<\/blockquote>\n<p>&nbsp;<\/p>\n<p><img loading=\"lazy\" decoding=\"async\" class=\"aligncenter wp-image-13308 size-large\" src=\"https:\/\/politicosaldesnudo.com.mx\/wp-content\/uploads\/2022\/12\/P-SALARIO-MINIMO-4-1024x573.png\" alt=\"\" width=\"800\" height=\"448\" \/><\/p>\n<p>&nbsp;<\/p>\n<p class=\"p1\"><span style=\"font-size: 18pt;\"><strong>El vocero del sector obrero, Jos\u00e9 Luis Carazo Preciado, destac\u00f3 que el aumento al salario se resume en justicia, reconocimiento y agradecimiento; record\u00f3 que en 2018 el sueldo llegaba a solo 88.36 pesos.<\/strong><\/span><\/p>\n<p>&nbsp;<\/p>\n<blockquote>\n<p class=\"p1\"><span style=\"font-size: 14pt;\">\u201cVer que ya tenemos un salario que rebasa los 200 pesos, sinceramente para nosotros es motivo de reconocer que es una justicia para los trabajadores en M\u00e9xico que se vieron rezagados, pero tambi\u00e9n es un momento para reflexionar en un reconocimiento a la sensibilidad del gobierno\u201d<\/span><\/p>\n<\/blockquote>\n<p>&nbsp;<\/p>\n<p class=\"p1\"><span style=\"font-size: 18pt;\"><strong>El representante del sector empresarial, Lorenzo de Jes\u00fas Roel Hern\u00e1ndez, asegur\u00f3 que continuar\u00e1 el apoyo de empoderamiento al salario m\u00ednimo general a favor de la productividad y competitividad en el pa\u00eds.<\/strong><\/span><\/p>\n<p>&nbsp;<\/p>\n<p>&nbsp;<\/p>\n<p>&nbsp;<\/p>\n<p>&nbsp;<\/p>\n<p>&nbsp;<\/p>\n","protected":false},"excerpt":{"rendered":"<p>CIUDAD DE M\u00c9XICO. El presidente Andr\u00e9s Manuel L\u00f3pez Obrador celebr\u00f3 que resultado del acuerdo alcanzado entre el gobierno federal y<\/p>\n","protected":false},"author":4,"featured_media":10638,"comment_status":"closed","ping_status":"closed","sticky":false,"template":"","format":"standard","meta":{"colormag_page_container_layout":"default_layout","colormag_page_sidebar_layout":"default_layout","_jetpack_memberships_contains_paid_content":false,"footnotes":"","jetpack_publicize_message":"","jetpack_publicize_feature_enabled":true,"jetpack_social_post_already_shared":true,"jetpack_social_options":{"image_generator_settings":{"template":"highway","default_image_id":0,"font":"","enabled":false},"version":2}},"categories":[4],"tags":[65,235,1786,31,238,1787],"class_list":["post-10637","post","type-post","status-publish","format-standard","has-post-thumbnail","hentry","category-nacional","tag-andres-manuel-lopez-obrador","tag-aumento","tag-luisa-maria-alcalde","tag-mexico","tag-salario-minimo","tag-sector-empresarial"],"jetpack_publicize_connections":[],"jetpack_featured_media_url":"https:\/\/noticiasveracruz.com\/wp-content\/uploads\/2022\/12\/P-SALARIO-MINIMO-1.png","jetpack_sharing_enabled":true,"publishpress_future_action":{"enabled":false,"date":"2026-05-08 17:36:42","action":"change-status","newStatus":"draft","terms":[],"taxonomy":"category","extraData":[]},"publishpress_future_workflow_manual_trigger":{"enabledWorkflows":[]},"_links":{"self":[{"href":"https:\/\/noticiasveracruz.com\/index.php\/wp-json\/wp\/v2\/posts\/10637","targetHints":{"allow":["GET"]}}],"collection":[{"href":"https:\/\/noticiasveracruz.com\/index.php\/wp-json\/wp\/v2\/posts"}],"about":[{"href":"https:\/\/noticiasveracruz.com\/index.php\/wp-json\/wp\/v2\/types\/post"}],"author":[{"embeddable":true,"href":"https:\/\/noticiasveracruz.com\/index.php\/wp-json\/wp\/v2\/users\/4"}],"replies":[{"embeddable":true,"href":"https:\/\/noticiasveracruz.com\/index.php\/wp-json\/wp\/v2\/comments?post=10637"}],"version-history":[{"count":0,"href":"https:\/\/noticiasveracruz.com\/index.php\/wp-json\/wp\/v2\/posts\/10637\/revisions"}],"wp:featuredmedia":[{"embeddable":true,"href":"https:\/\/noticiasveracruz.com\/index.php\/wp-json\/wp\/v2\/media\/10638"}],"wp:attachment":[{"href":"https:\/\/noticiasveracruz.com\/index.php\/wp-json\/wp\/v2\/media?parent=10637"}],"wp:term":[{"taxonomy":"category","embeddable":true,"href":"https:\/\/noticiasveracruz.com\/index.php\/wp-json\/wp\/v2\/categories?post=10637"},{"taxonomy":"post_tag","embeddable":true,"href":"https:\/\/noticiasveracruz.com\/index.php\/wp-json\/wp\/v2\/tags?post=10637"}],"curies":[{"name":"wp","href":"https:\/\/api.w.org\/{rel}","templated":true}]}}