{"id":10621,"date":"2022-12-01T18:21:27","date_gmt":"2022-12-02T00:21:27","guid":{"rendered":"https:\/\/noticiasveracruz.com\/?p=10621"},"modified":"2022-12-01T19:22:45","modified_gmt":"2022-12-02T01:22:45","slug":"inicia-la-primavera-oaxaquena-salomon-jara-cruz-rinde-protesta-como-gobernador","status":"publish","type":"post","link":"https:\/\/noticiasveracruz.com\/index.php\/2022\/12\/01\/inicia-la-primavera-oaxaquena-salomon-jara-cruz-rinde-protesta-como-gobernador\/","title":{"rendered":"Inicia la \u201cPrimavera oaxaque\u00f1a\u201d, Salom\u00f3n Jara Cruz rinde protesta como gobernador\u00a0"},"content":{"rendered":"<p class=\"p2\"><span style=\"font-size: 14pt;\"><em><strong>OAXACA, OAXACA.<\/strong> <\/em>Este jueves el morenista<strong> Salom\u00f3n Jara Cruz asume la gubernatura de Oaxaca<\/strong> en las instalaciones del Congreso del estado. <\/span><\/p>\n<p class=\"p2\"><span style=\"font-size: 18pt;\"><strong>Acompa\u00f1ado por la jefa de Gobierno de la Ciudad de M\u00e9xico, Claudia Sheinbaum, y los gobernadores de Veracruz, Cuitl\u00e1huac Garc\u00eda; de Tamaulipas, Am\u00e9rico Villarreal; Quintana Roo, Mara Lezama; Sinaloa, Ruben Rocha Moya y de Hidalgo, Julio Menchaca;\u00a0 asimismo Leticia Ram\u00edrez, titular de la Secretar\u00eda de Educaci\u00f3n P\u00fablica (SEP) como representante del presidente Andr\u00e9s Manuel L\u00f3pez Obrador.<\/strong><\/span><\/p>\n<p>&nbsp;<\/p>\n<p><img loading=\"lazy\" decoding=\"async\" class=\"aligncenter wp-image-13295 size-large\" src=\"https:\/\/politicosaldesnudo.com.mx\/wp-content\/uploads\/2022\/12\/P-SALOMON-JARA-7-1024x573.png\" alt=\"\" width=\"800\" height=\"448\" \/><\/p>\n<p>&nbsp;<\/p>\n<p class=\"p2\"><span style=\"font-size: 18pt; color: #e42d33;\"><strong>En el Congreso, Salom\u00f3n Jara Cruz se\u00f1al\u00f3 que con la llegada de este nuevo gobierno inicia la \u201cprimavera oaxaque\u00f1a\u201d se acabar\u00e1 la corrupci\u00f3n en la entidad, ya que se sentar\u00e1n bases para trabajar con transparencia.<\/strong><\/span><\/p>\n<p>&nbsp;<\/p>\n<p><img loading=\"lazy\" decoding=\"async\" class=\"aligncenter wp-image-13292 size-large\" src=\"https:\/\/politicosaldesnudo.com.mx\/wp-content\/uploads\/2022\/12\/P-SALOMON-JARA-3-1024x573.png\" alt=\"\" width=\"800\" height=\"448\" \/><\/p>\n<p>&nbsp;<\/p>\n<p class=\"p2\"><span style=\"font-size: 18pt;\"><strong>Cabe se\u00f1alar Salom\u00f3n Jara Cruz rindi\u00f3 protesta como gobernador de Oaxaca, para el periodo 2022-2028\u00a0en la sede del Congreso del Estado, instalado en sesi\u00f3n solemne conformado por la mayor\u00eda de Morena.\u00a0<\/strong><\/span><\/p>\n<p>&nbsp;<\/p>\n<blockquote>\n<p class=\"p2\"><span style=\"font-size: 14pt;\">Hoy comienza una nueva etapa en la historia de la entidad. A partir de hoy, el gobierno ser\u00e1 aliado y defensor de un pueblo que tiene una larga tradici\u00f3n de lucha y organizaci\u00f3n popular\u201d<\/span><\/p>\n<\/blockquote>\n<p>&nbsp;<\/p>\n<p><img loading=\"lazy\" decoding=\"async\" class=\"aligncenter wp-image-13294 size-large\" src=\"https:\/\/politicosaldesnudo.com.mx\/wp-content\/uploads\/2022\/12\/P-SALOMON-JARA-6-1024x573.png\" alt=\"\" width=\"800\" height=\"448\" \/><\/p>\n<p>&nbsp;<\/p>\n<blockquote>\n<p class=\"p2\"><span style=\"font-size: 14pt;\">Gobernar\u00e9 para todas y todos los oaxaque\u00f1os; y, por el bien de todas y todos, primero los pobres. Mi gobierno priorizar\u00e1 la atenci\u00f3n de los sectores hist\u00f3ricamente excluidos y abandonados\u201d<\/span><\/p>\n<\/blockquote>\n<p>&nbsp;<\/p>\n<p class=\"p2\"><span style=\"font-size: 18pt; color: #e42d33;\"><strong>Ante diputadas y diputados, as\u00ed como de invitados especiales, el nuevo gobernador se comprometi\u00f3 a entablar \u201cun di\u00e1logo permanente y respetuoso con los distintos poderes y \u00f3rganos aut\u00f3nomos\u201d.<\/strong><\/span><\/p>\n<p>&nbsp;<\/p>\n<p><img loading=\"lazy\" decoding=\"async\" class=\"aligncenter wp-image-13290 size-large\" src=\"https:\/\/politicosaldesnudo.com.mx\/wp-content\/uploads\/2022\/12\/P-SALOMON-JARA-1-1024x573.png\" alt=\"\" width=\"800\" height=\"448\" \/><\/p>\n<p>&nbsp;<\/p>\n<p class=\"p2\"><span style=\"font-size: 18pt;\"><strong>Tambi\u00e9n Salom\u00f3n Jara Cruz se comprometi\u00f3 a <span style=\"color: #e42d33;\">\u201cencabezar una administraci\u00f3n incluyente, austera, eficiente, cercana a la gente y garante de la diversidad y la pluralidad que nos define. No quedar\u00e1 nadie atr\u00e1s y no quedar\u00e1 nadie afuera\u201d, asever\u00f3<\/span><\/strong><\/span><\/p>\n<p>&nbsp;<\/p>\n<p><img loading=\"lazy\" decoding=\"async\" class=\"aligncenter wp-image-13293 size-large\" src=\"https:\/\/politicosaldesnudo.com.mx\/wp-content\/uploads\/2022\/12\/P-SALOMON-JARA-4-1024x573.png\" alt=\"\" width=\"800\" height=\"448\" \/><\/p>\n<p>&nbsp;<\/p>\n<p class=\"p2\"><span style=\"font-size: 14pt;\">La vicepresidenta de la Mesa Directiva de la 65 Legislatura, Nancy Ben\u00edtez fue la responsable de tomar protesta a Jara Cruz ante integrantes del Congreso local.<\/span><\/p>\n<p class=\"p2\"><span style=\"font-size: 14pt;\">Destac\u00f3 la asistencia del sacerdote y defensor de los derechos de migrantes, Alejandro Solalinde Guerra, adem\u00e1s del diputado federal del PT, Gerardo Fern\u00e1ndez Noro\u00f1a; la senadora y aspirante a gobernador del Estado de M\u00e9xico, Delfina G\u00f3mez; el senador del PVEM, Manuel Velasco, el dirigente de Morena, Mario Delgado; entre otros.\u00a0<\/span><\/p>\n<p>&nbsp;<\/p>\n","protected":false},"excerpt":{"rendered":"<p>OAXACA, OAXACA. Este jueves el morenista Salom\u00f3n Jara Cruz asume la gubernatura de Oaxaca en las instalaciones del Congreso del<\/p>\n","protected":false},"author":4,"featured_media":10623,"comment_status":"closed","ping_status":"closed","sticky":false,"template":"","format":"standard","meta":{"colormag_page_container_layout":"default_layout","colormag_page_sidebar_layout":"default_layout","_jetpack_memberships_contains_paid_content":false,"footnotes":"","jetpack_publicize_message":"","jetpack_publicize_feature_enabled":true,"jetpack_social_post_already_shared":true,"jetpack_social_options":{"image_generator_settings":{"template":"highway","default_image_id":0,"font":"","enabled":false},"version":2}},"categories":[145],"tags":[943,84,244,1784,801],"class_list":["post-10621","post","type-post","status-publish","format-standard","has-post-thumbnail","hentry","category-estados","tag-gobernador","tag-morena","tag-oaxaca","tag-primavera-oaxaquena","tag-salomon-jara"],"jetpack_publicize_connections":[],"jetpack_featured_media_url":"https:\/\/noticiasveracruz.com\/wp-content\/uploads\/2022\/12\/P-SALOMON-JARA-2.png","jetpack_sharing_enabled":true,"publishpress_future_action":{"enabled":false,"date":"2026-05-08 17:36:42","action":"change-status","newStatus":"draft","terms":[],"taxonomy":"category","extraData":[]},"publishpress_future_workflow_manual_trigger":{"enabledWorkflows":[]},"_links":{"self":[{"href":"https:\/\/noticiasveracruz.com\/index.php\/wp-json\/wp\/v2\/posts\/10621","targetHints":{"allow":["GET"]}}],"collection":[{"href":"https:\/\/noticiasveracruz.com\/index.php\/wp-json\/wp\/v2\/posts"}],"about":[{"href":"https:\/\/noticiasveracruz.com\/index.php\/wp-json\/wp\/v2\/types\/post"}],"author":[{"embeddable":true,"href":"https:\/\/noticiasveracruz.com\/index.php\/wp-json\/wp\/v2\/users\/4"}],"replies":[{"embeddable":true,"href":"https:\/\/noticiasveracruz.com\/index.php\/wp-json\/wp\/v2\/comments?post=10621"}],"version-history":[{"count":0,"href":"https:\/\/noticiasveracruz.com\/index.php\/wp-json\/wp\/v2\/posts\/10621\/revisions"}],"wp:featuredmedia":[{"embeddable":true,"href":"https:\/\/noticiasveracruz.com\/index.php\/wp-json\/wp\/v2\/media\/10623"}],"wp:attachment":[{"href":"https:\/\/noticiasveracruz.com\/index.php\/wp-json\/wp\/v2\/media?parent=10621"}],"wp:term":[{"taxonomy":"category","embeddable":true,"href":"https:\/\/noticiasveracruz.com\/index.php\/wp-json\/wp\/v2\/categories?post=10621"},{"taxonomy":"post_tag","embeddable":true,"href":"https:\/\/noticiasveracruz.com\/index.php\/wp-json\/wp\/v2\/tags?post=10621"}],"curies":[{"name":"wp","href":"https:\/\/api.w.org\/{rel}","templated":true}]}}