{"id":10597,"date":"2022-12-01T07:16:05","date_gmt":"2022-12-01T13:16:05","guid":{"rendered":"https:\/\/noticiasveracruz.com\/?p=10597"},"modified":"2022-12-01T07:16:05","modified_gmt":"2022-12-01T13:16:05","slug":"periodo-nebuloso","status":"publish","type":"post","link":"https:\/\/noticiasveracruz.com\/index.php\/2022\/12\/01\/periodo-nebuloso\/","title":{"rendered":"Periodo nebuloso"},"content":{"rendered":"<p>&nbsp;<\/p>\n<p class=\"p1\"><span style=\"font-size: 18pt;\"><strong>Por Alberto Woolrich Ort\u00edz<\/strong><\/span><\/p>\n<p class=\"p3\"><span style=\"font-size: 14pt;\">El periodo vivido durante la \u00e9poca del neoliberalismo y la Cuarta Transformaci\u00f3n de la Naci\u00f3n es uno que debe de ser rechazado por<span class=\"Apple-converted-space\">\u00a0 <\/span>nuestra historia jur\u00eddica. Se podr\u00eda catalogar como una etapa nebulosa para la justicia. Los desastres y calamidades, como resulta bien sabido, <span class=\"Apple-converted-space\">\u00a0 <\/span>ocurrieron sin pausa, d\u00eda a d\u00eda, hora con hora; el mayor de todos ellos dio g\u00e9nesis a los dem\u00e1s. La narco-pol\u00edtica trajo como consecuencia la postraci\u00f3n moral en la que yace nuestro M\u00e9xico. La Rep\u00fablica se encuentra dividida, las acciones de justicia que deber\u00e1n de emplearse para contener a la delincuencia de las autoridades, se convirti\u00f3 en \u201cabrazos y besos\u201d, en omisiones, descalificaciones, inmundicias,<span class=\"Apple-converted-space\">\u00a0 <\/span>injusticias. <\/span><\/p>\n<p class=\"p3\"><span style=\"font-size: 14pt;\">Si elogio merece el af\u00e1n por encontrar una forma jur\u00eddica de asegurar la dignidad de la justicia, tenemos que decir que la tarea a realizar ser\u00eda que el Presidente Constitucional de los Estados Unidos Mexicanos ordenara una limpia en nuestros recintos de procuraci\u00f3n e impartici\u00f3n de ella, para que con ello cristalizara una investigaci\u00f3n imparcial y apegada a derecho en contra de aqu\u00e9l forajido del poder que cre\u00f3 alianzas con el fen\u00f3meno del narcotr\u00e1fico y, que su pol\u00edtica de \u201cabrazos y besos\u201d se dejara para despu\u00e9s. Situaci\u00f3n que nos parece pol\u00edticamente<span class=\"Apple-converted-space\">\u00a0 <\/span>imposible. Primero el poder y luego la continuidad del poder. <\/span><\/p>\n<p class=\"p3\"><span style=\"font-size: 14pt;\">Cuando M\u00e9xico entero se percat\u00f3 que nuestros gobernantes, autoridades y legisladores se encuentran tan ocupados en dar continuidad a las complicidades con la delincuencia y en introducir reformas para perpetuarse en el poder, pensamos sin querer en el cuadro de ver un M\u00e9xico que arde y que quienes gobiernan s\u00f3lo se ponen a redactar decretales para dar continuidad a su mala gobernanza, en vez de auxiliar a la Rep\u00fablica a sofocar el fuego. <\/span><\/p>\n<p class=\"p3\"><span style=\"font-size: 14pt;\">En humilde opini\u00f3n de la Academia de Derecho Penal del Colegio Nacional de Abogados Foro de M\u00e9xico, Andr\u00e9s Manuel L\u00f3pez Obrador en su car\u00e1cter de Presidente Constitucional de la Rep\u00fablica, deber\u00eda anteponer a cualquier otra su obligaci\u00f3n de asegurar la integridad de nuestra instituciones de procuraci\u00f3n e impartici\u00f3n de justicia. Ya tendr\u00e1 tiempo m\u00e1s tarde, de buscar y continuar con m\u00e1s de sus ocurrencias. <\/span><\/p>\n<p class=\"p3\"><span style=\"font-size: 14pt;\">La soluci\u00f3n de las cuestiones jur\u00eddicas evitar\u00edan ese periodo sombr\u00edo al que se refiere el t\u00edtulo de la presente colaboraci\u00f3n.<\/span><span style=\"font-size: 14pt;\">Es cuanto. <\/span><\/p>\n<p>&nbsp;<\/p>\n<p>&nbsp;<\/p>\n<p class=\"p1\"><strong><span style=\"font-size: 18pt;\">Lic. Alberto Woolrich Ort\u00edz<\/span><\/strong><\/p>\n<p class=\"p1\"><strong><span style=\"font-size: 18pt;\">Presidente de la Academia de Derecho Penal<\/span><\/strong><\/p>\n<p class=\"p1\"><strong><span style=\"font-size: 18pt;\">del Colegio de Abogados de M\u00e9xico, A.C.<\/span><\/strong><\/p>\n<p>&nbsp;<\/p>\n<p><span style=\"font-size: 18pt; color: #e42d33;\"><em><strong>**Las columnas firmadas en este medio son responsabilidad de quienes las firman**<\/strong><\/em><\/span><\/p>\n<p>&nbsp;<\/p>\n<p>&nbsp;<\/p>\n","protected":false},"excerpt":{"rendered":"<p>&nbsp; Por Alberto Woolrich Ort\u00edz El periodo vivido durante la \u00e9poca del neoliberalismo y la Cuarta Transformaci\u00f3n de la Naci\u00f3n<\/p>\n","protected":false},"author":4,"featured_media":3616,"comment_status":"closed","ping_status":"closed","sticky":false,"template":"","format":"standard","meta":{"colormag_page_container_layout":"default_layout","colormag_page_sidebar_layout":"default_layout","_jetpack_memberships_contains_paid_content":false,"footnotes":"","jetpack_publicize_message":"","jetpack_publicize_feature_enabled":true,"jetpack_social_post_already_shared":true,"jetpack_social_options":{"image_generator_settings":{"template":"highway","default_image_id":0,"font":"","enabled":false},"version":2}},"categories":[6],"tags":[],"class_list":["post-10597","post","type-post","status-publish","format-standard","has-post-thumbnail","hentry","category-columnistas"],"jetpack_publicize_connections":[],"jetpack_featured_media_url":"https:\/\/noticiasveracruz.com\/wp-content\/uploads\/2022\/04\/NV-ALBERTO-WOOLRICH-1.png","jetpack_sharing_enabled":true,"publishpress_future_action":{"enabled":false,"date":"2026-05-06 22:22:36","action":"change-status","newStatus":"draft","terms":[],"taxonomy":"category","extraData":[]},"publishpress_future_workflow_manual_trigger":{"enabledWorkflows":[]},"_links":{"self":[{"href":"https:\/\/noticiasveracruz.com\/index.php\/wp-json\/wp\/v2\/posts\/10597","targetHints":{"allow":["GET"]}}],"collection":[{"href":"https:\/\/noticiasveracruz.com\/index.php\/wp-json\/wp\/v2\/posts"}],"about":[{"href":"https:\/\/noticiasveracruz.com\/index.php\/wp-json\/wp\/v2\/types\/post"}],"author":[{"embeddable":true,"href":"https:\/\/noticiasveracruz.com\/index.php\/wp-json\/wp\/v2\/users\/4"}],"replies":[{"embeddable":true,"href":"https:\/\/noticiasveracruz.com\/index.php\/wp-json\/wp\/v2\/comments?post=10597"}],"version-history":[{"count":0,"href":"https:\/\/noticiasveracruz.com\/index.php\/wp-json\/wp\/v2\/posts\/10597\/revisions"}],"wp:featuredmedia":[{"embeddable":true,"href":"https:\/\/noticiasveracruz.com\/index.php\/wp-json\/wp\/v2\/media\/3616"}],"wp:attachment":[{"href":"https:\/\/noticiasveracruz.com\/index.php\/wp-json\/wp\/v2\/media?parent=10597"}],"wp:term":[{"taxonomy":"category","embeddable":true,"href":"https:\/\/noticiasveracruz.com\/index.php\/wp-json\/wp\/v2\/categories?post=10597"},{"taxonomy":"post_tag","embeddable":true,"href":"https:\/\/noticiasveracruz.com\/index.php\/wp-json\/wp\/v2\/tags?post=10597"}],"curies":[{"name":"wp","href":"https:\/\/api.w.org\/{rel}","templated":true}]}}