{"id":10592,"date":"2022-11-30T17:39:42","date_gmt":"2022-11-30T23:39:42","guid":{"rendered":"https:\/\/noticiasveracruz.com\/?p=10592"},"modified":"2022-11-30T19:43:52","modified_gmt":"2022-12-01T01:43:52","slug":"por-seguridad-vial-transito-municipal-exhorta-a-tuxpenos-a-informarse-de-las-peregrinaciones","status":"publish","type":"post","link":"https:\/\/noticiasveracruz.com\/index.php\/2022\/11\/30\/por-seguridad-vial-transito-municipal-exhorta-a-tuxpenos-a-informarse-de-las-peregrinaciones\/","title":{"rendered":"Por seguridad vial, Tr\u00e1nsito Municipal exhorta a tuxpe\u00f1os a informarse de las peregrinaciones\u00a0"},"content":{"rendered":"<p>&nbsp;<\/p>\n<p class=\"p1\"><span style=\"font-size: 18pt;\"><strong>&lt;&lt; La seguridad es una prioridad en estas fiestas decembrinas &gt;&gt;<\/strong><\/span><\/p>\n<p>&nbsp;<\/p>\n<p class=\"p1\"><span style=\"font-size: 14pt;\"><em><strong>TUXPAN, VERACRUZ.<span class=\"Apple-converted-space\">\u00a0 <\/span><\/strong><\/em>La <strong>Direcci\u00f3n de Tr\u00e1nsito Municipal hace un llamado a la feligres\u00eda cat\u00f3lica<\/strong> para que informen de sus<strong> peregrinaciones a esta dependencia<\/strong> y se les pueda brindar acompa\u00f1amiento en materia de seguridad vial.<\/span><\/p>\n<p class=\"p1\"><span style=\"font-size: 18pt;\"><strong>Debido a que a partir del primero de diciembre se incrementa el flujo vehicular en las principales avenidas, es necesario llevar a cabo una planificaci\u00f3n para cuidar la seguridad de los peregrinos, as\u00ed como de quienes transitan en veh\u00edculos.<\/strong><\/span><\/p>\n<p>&nbsp;<\/p>\n<p><img loading=\"lazy\" decoding=\"async\" class=\"aligncenter wp-image-13253 size-large\" src=\"https:\/\/politicosaldesnudo.com.mx\/wp-content\/uploads\/2022\/11\/P-TRANSITO-PEREGRINACIONES-2-1024x573.png\" alt=\"\" width=\"800\" height=\"448\" \/><\/p>\n<p>&nbsp;<\/p>\n<p class=\"p1\"><span style=\"font-size: 18pt;\"><strong>El tener programado el desplazamiento de las peregrinaciones nos permite instrumentar los operativos necesarios para mantener una mejor movilidad urbana y reducir los riesgos de accidentes.<\/strong><\/span><\/p>\n<p class=\"p1\"><span style=\"font-size: 14pt;\">Por lo anterior, se reitera la invitaci\u00f3n a la feligres\u00eda cat\u00f3lica para que hagan del conocimiento de Tr\u00e1nsito Municipal la fecha, hora y ruta de sus respectivas peregrinaciones.<\/span><\/p>\n<p class=\"p1\"><span style=\"font-size: 14pt;\">Con planeaci\u00f3n se puede lograr una movilidad urbana eficiente, segura y sostenible, que d\u00e9 respuesta a las necesidades de la ciudadan\u00eda.<\/span><\/p>\n","protected":false},"excerpt":{"rendered":"<p>&nbsp; &lt;&lt; La seguridad es una prioridad en estas fiestas decembrinas &gt;&gt; &nbsp; TUXPAN, VERACRUZ.\u00a0 La Direcci\u00f3n de Tr\u00e1nsito Municipal<\/p>\n","protected":false},"author":4,"featured_media":10593,"comment_status":"closed","ping_status":"closed","sticky":false,"template":"","format":"standard","meta":{"colormag_page_container_layout":"default_layout","colormag_page_sidebar_layout":"default_layout","_jetpack_memberships_contains_paid_content":false,"footnotes":"","jetpack_publicize_message":"","jetpack_publicize_feature_enabled":true,"jetpack_social_post_already_shared":true,"jetpack_social_options":{"image_generator_settings":{"template":"highway","default_image_id":0,"font":"","enabled":false},"version":2}},"categories":[356],"tags":[1779,1780,1291,72,73],"class_list":["post-10592","post","type-post","status-publish","format-standard","has-post-thumbnail","hentry","category-veracruz","tag-feligreses","tag-peregrinacion","tag-transito","tag-tuxpan","tag-veracruz"],"jetpack_publicize_connections":[],"jetpack_featured_media_url":"https:\/\/noticiasveracruz.com\/wp-content\/uploads\/2022\/11\/P-TRANSITO-PEREGRINACIONES-1.png","jetpack_sharing_enabled":true,"publishpress_future_action":{"enabled":false,"date":"2026-05-06 22:21:49","action":"change-status","newStatus":"draft","terms":[],"taxonomy":"category","extraData":[]},"publishpress_future_workflow_manual_trigger":{"enabledWorkflows":[]},"_links":{"self":[{"href":"https:\/\/noticiasveracruz.com\/index.php\/wp-json\/wp\/v2\/posts\/10592","targetHints":{"allow":["GET"]}}],"collection":[{"href":"https:\/\/noticiasveracruz.com\/index.php\/wp-json\/wp\/v2\/posts"}],"about":[{"href":"https:\/\/noticiasveracruz.com\/index.php\/wp-json\/wp\/v2\/types\/post"}],"author":[{"embeddable":true,"href":"https:\/\/noticiasveracruz.com\/index.php\/wp-json\/wp\/v2\/users\/4"}],"replies":[{"embeddable":true,"href":"https:\/\/noticiasveracruz.com\/index.php\/wp-json\/wp\/v2\/comments?post=10592"}],"version-history":[{"count":0,"href":"https:\/\/noticiasveracruz.com\/index.php\/wp-json\/wp\/v2\/posts\/10592\/revisions"}],"wp:featuredmedia":[{"embeddable":true,"href":"https:\/\/noticiasveracruz.com\/index.php\/wp-json\/wp\/v2\/media\/10593"}],"wp:attachment":[{"href":"https:\/\/noticiasveracruz.com\/index.php\/wp-json\/wp\/v2\/media?parent=10592"}],"wp:term":[{"taxonomy":"category","embeddable":true,"href":"https:\/\/noticiasveracruz.com\/index.php\/wp-json\/wp\/v2\/categories?post=10592"},{"taxonomy":"post_tag","embeddable":true,"href":"https:\/\/noticiasveracruz.com\/index.php\/wp-json\/wp\/v2\/tags?post=10592"}],"curies":[{"name":"wp","href":"https:\/\/api.w.org\/{rel}","templated":true}]}}