{"id":10582,"date":"2022-11-30T19:35:16","date_gmt":"2022-12-01T01:35:16","guid":{"rendered":"https:\/\/noticiasveracruz.com\/?p=10582"},"modified":"2022-11-30T19:37:02","modified_gmt":"2022-12-01T01:37:02","slug":"para-fortalecer-la-alimentacion-entrega-dif-y-gobierno-de-tuxpan-desayunos-escolares-a-ninos-de-siete-comunidades","status":"publish","type":"post","link":"https:\/\/noticiasveracruz.com\/index.php\/2022\/11\/30\/para-fortalecer-la-alimentacion-entrega-dif-y-gobierno-de-tuxpan-desayunos-escolares-a-ninos-de-siete-comunidades\/","title":{"rendered":"Para fortalecer la alimentaci\u00f3n, entrega DIF y gobierno de Tuxpan desayunos escolares a ni\u00f1os de siete comunidades\u00a0"},"content":{"rendered":"<p>&nbsp;<\/p>\n<p class=\"p1\"><span style=\"font-size: 18pt;\"><strong>&lt;&lt; El alcalde Jos\u00e9 Manuel Pozos y la presidenta del DIF, Pamela Morales Huesca encabezaron el acto de entrega en Ceiba Rica &gt;&gt;<\/strong><\/span><\/p>\n<p>&nbsp;<\/p>\n<p class=\"p1\"><span style=\"font-size: 14pt;\"><em><strong>TUXPAN, VERACRUZ.<\/strong> <\/em><strong>El DIF Municipal y el Gobierno de Tuxpan con el respaldo del DIF Estatal<\/strong>, entregaron apoyos por parte del Programa Alimentario<strong> \u201cDesayunos Escolares\u201d<\/strong>, en sus modalidades fr\u00edos y calientes a ni\u00f1as y ni\u00f1os de las<strong> comunidades Ca\u00f1ada Rica, Ceiba Rica, Zapotal de Zaragoza, Tierra Blanca, Pe\u00f1a Alta, El Muro y Montes de Armenia.<\/strong><\/span><\/p>\n<p class=\"p1\"><span style=\"font-size: 18pt;\"><strong>La entrega estuvo encabezada por el alcalde Jos\u00e9 Manuel Pozos Castro; Pamela Morales Huesca, presidenta del DIF Tuxpan y la agente municipal de Ca\u00f1ada Rica, Fidela G\u00f3mez Santiago.<\/strong><\/span><\/p>\n<p>&nbsp;<\/p>\n<p><img loading=\"lazy\" decoding=\"async\" class=\"wp-image-10583 size-large aligncenter\" src=\"http:\/\/noticiasveracruz.com\/wp-content\/uploads\/2022\/11\/P-DESAYUNOS-NINOS-1-1024x573.png\" alt=\"\" width=\"800\" height=\"448\" srcset=\"https:\/\/noticiasveracruz.com\/wp-content\/uploads\/2022\/11\/P-DESAYUNOS-NINOS-1-1024x573.png 1024w, https:\/\/noticiasveracruz.com\/wp-content\/uploads\/2022\/11\/P-DESAYUNOS-NINOS-1-300x168.png 300w, https:\/\/noticiasveracruz.com\/wp-content\/uploads\/2022\/11\/P-DESAYUNOS-NINOS-1-768x430.png 768w, https:\/\/noticiasveracruz.com\/wp-content\/uploads\/2022\/11\/P-DESAYUNOS-NINOS-1-1536x859.png 1536w, https:\/\/noticiasveracruz.com\/wp-content\/uploads\/2022\/11\/P-DESAYUNOS-NINOS-1.png 1816w\" sizes=\"auto, (max-width: 800px) 100vw, 800px\" \/><\/p>\n<p>&nbsp;<\/p>\n<p class=\"p1\"><span style=\"font-size: 18pt; color: #e42d33;\"><strong>El alcalde Jos\u00e9 Manuel Pozos Castro se\u00f1al\u00f3 que estos apoyos son de mucha importancia ya que durante la infancia es fundamental contar con una alimentaci\u00f3n saludable para que los menores puedan tener un buen desarrollo f\u00edsico e intelectual.<\/strong><\/span><\/p>\n<p>&nbsp;<\/p>\n<blockquote>\n<p class=\"p1\"><span style=\"font-size: 14pt;\">Hoy la asistencia social se viene entregando de manera directa, sin intermediarios, como un acto de justicia social\u2026 ya se acabaron los tiempos en que estos apoyos llegaban con moches o con un costo\u201d<\/span><\/p>\n<\/blockquote>\n<p>&nbsp;<\/p>\n<p><img loading=\"lazy\" decoding=\"async\" class=\"aligncenter wp-image-13244 size-large\" src=\"https:\/\/politicosaldesnudo.com.mx\/wp-content\/uploads\/2022\/11\/P-DESAYUNOS-NINOS-2-1024x573.png\" alt=\"\" width=\"800\" height=\"448\" \/><\/p>\n<p>&nbsp;<\/p>\n<p>&nbsp;<\/p>\n<blockquote>\n<p class=\"p1\"><span style=\"font-size: 14pt;\">Vamos a dedicar especial atenci\u00f3n a las comunidades rurales que estaban olvidadas, es el compromiso que hice y que vamos a seguir cumpliendo\u201d<\/span><\/p>\n<\/blockquote>\n<p>&nbsp;<\/p>\n<p class=\"p1\"><span style=\"font-size: 18pt;\"><strong>Jos\u00e9 Manuel Pozos reconoci\u00f3 la labor del DIF Municipal, que sigue el ejemplo de trabajo del gobernador Cuitl\u00e1huac Garc\u00eda Jim\u00e9nez y del presidente Andr\u00e9s Manuel L\u00f3pez Obrador; as\u00ed como de los agentes municipales y comisariados ejidales, y de los directores de escuelas, quienes suman esfuerzos con el objetivo de que sus comunidades vivan mejor. <\/strong><\/span><\/p>\n<p class=\"p1\"><span style=\"font-size: 14pt;\">Asimismo agradeci\u00f3 a la directora del DIF Estatal, Rebeca Quintanar Barcel\u00f3, por el respaldo que brinda al municipio para que se apliquen estos programas que mejoran la calidad de vida de las familias tuxpe\u00f1as. <\/span><\/p>\n<p><img loading=\"lazy\" decoding=\"async\" class=\"aligncenter wp-image-13246 size-large\" src=\"https:\/\/politicosaldesnudo.com.mx\/wp-content\/uploads\/2022\/11\/P-DESAYUNOS-NINOS-4-1024x573.png\" alt=\"\" width=\"800\" height=\"448\" \/><\/p>\n<p>&nbsp;<\/p>\n<p class=\"p1\"><span style=\"font-size: 18pt;\"><strong>El ni\u00f1o H\u00e9ctor, de la comunidad Ca\u00f1ada Rica, agradeci\u00f3 a las autoridades municipales por las gestiones realizadas ante el gobierno del estado para lograr traer este gran beneficio para todos los ni\u00f1os y sus familias. <\/strong><\/span><\/p>\n<p>&nbsp;<\/p>\n<p><img loading=\"lazy\" decoding=\"async\" class=\"aligncenter wp-image-13245 size-large\" src=\"https:\/\/politicosaldesnudo.com.mx\/wp-content\/uploads\/2022\/11\/P-DESAYUNOS-NINOS-3-1024x573.png\" alt=\"\" width=\"800\" height=\"448\" \/><\/p>\n<p>&nbsp;<\/p>\n<p class=\"p1\"><span style=\"font-size: 18pt; color: #e42d33;\"><strong>Para finalizar, el alcalde anunci\u00f3 que ya se autoriz\u00f3 el recurso de m\u00e1s de 2 millones de pesos que ser\u00e1n utilizados para techar la escuela primaria de la comunidad de Ca\u00f1ada Rica, por lo que pr\u00f3ximamente iniciar\u00e1n los trabajos para que a la brevedad los ni\u00f1os puedan contar con una escuela digna. <\/strong><\/span><\/p>\n<p class=\"p1\"><span style=\"font-size: 18pt;\"><strong>Con la entrega de estos apoyos se favorece el acceso al consumo de alimentos nutritivos en la poblaci\u00f3n m\u00e1s vulnerable. <\/strong><\/span><\/p>\n<p>&nbsp;<\/p>\n<p>&nbsp;<\/p>\n<p>&nbsp;<\/p>\n<p>&nbsp;<\/p>\n<p class=\"p1\"><span style=\"color: #e42d33;\"><em><strong><span style=\"font-size: 18pt;\">**Este programa es p\u00fablico, ajeno a cualquier partido pol\u00edtico. Queda prohibido el uso para fines distintos a los establecidos en el programa**<\/span><\/strong><\/em><\/span><\/p>\n<p>&nbsp;<\/p>\n<p>&nbsp;<\/p>\n<p>&nbsp;<\/p>\n","protected":false},"excerpt":{"rendered":"<p>&nbsp; &lt;&lt; El alcalde Jos\u00e9 Manuel Pozos y la presidenta del DIF, Pamela Morales Huesca encabezaron el acto de entrega<\/p>\n","protected":false},"author":4,"featured_media":10587,"comment_status":"closed","ping_status":"closed","sticky":false,"template":"","format":"standard","meta":{"colormag_page_container_layout":"default_layout","colormag_page_sidebar_layout":"default_layout","_jetpack_memberships_contains_paid_content":false,"footnotes":"","jetpack_publicize_message":"","jetpack_publicize_feature_enabled":true,"jetpack_social_post_already_shared":true,"jetpack_social_options":{"image_generator_settings":{"template":"highway","default_image_id":0,"font":"","enabled":false},"version":2}},"categories":[356],"tags":[1601,1042,701,585,1778,72,73],"class_list":["post-10582","post","type-post","status-publish","format-standard","has-post-thumbnail","hentry","category-veracruz","tag-desayunos-escolares","tag-dif-tuxpan","tag-jose-manuel-pozos","tag-ninos","tag-pamela-morales","tag-tuxpan","tag-veracruz"],"jetpack_publicize_connections":[],"jetpack_featured_media_url":"https:\/\/noticiasveracruz.com\/wp-content\/uploads\/2022\/11\/P-DESAYUNOS-NINOS-5.png","jetpack_sharing_enabled":true,"publishpress_future_action":{"enabled":false,"date":"2026-05-06 21:43:04","action":"change-status","newStatus":"draft","terms":[],"taxonomy":"category","extraData":[]},"publishpress_future_workflow_manual_trigger":{"enabledWorkflows":[]},"_links":{"self":[{"href":"https:\/\/noticiasveracruz.com\/index.php\/wp-json\/wp\/v2\/posts\/10582","targetHints":{"allow":["GET"]}}],"collection":[{"href":"https:\/\/noticiasveracruz.com\/index.php\/wp-json\/wp\/v2\/posts"}],"about":[{"href":"https:\/\/noticiasveracruz.com\/index.php\/wp-json\/wp\/v2\/types\/post"}],"author":[{"embeddable":true,"href":"https:\/\/noticiasveracruz.com\/index.php\/wp-json\/wp\/v2\/users\/4"}],"replies":[{"embeddable":true,"href":"https:\/\/noticiasveracruz.com\/index.php\/wp-json\/wp\/v2\/comments?post=10582"}],"version-history":[{"count":0,"href":"https:\/\/noticiasveracruz.com\/index.php\/wp-json\/wp\/v2\/posts\/10582\/revisions"}],"wp:featuredmedia":[{"embeddable":true,"href":"https:\/\/noticiasveracruz.com\/index.php\/wp-json\/wp\/v2\/media\/10587"}],"wp:attachment":[{"href":"https:\/\/noticiasveracruz.com\/index.php\/wp-json\/wp\/v2\/media?parent=10582"}],"wp:term":[{"taxonomy":"category","embeddable":true,"href":"https:\/\/noticiasveracruz.com\/index.php\/wp-json\/wp\/v2\/categories?post=10582"},{"taxonomy":"post_tag","embeddable":true,"href":"https:\/\/noticiasveracruz.com\/index.php\/wp-json\/wp\/v2\/tags?post=10582"}],"curies":[{"name":"wp","href":"https:\/\/api.w.org\/{rel}","templated":true}]}}