{"id":10558,"date":"2022-11-30T06:00:36","date_gmt":"2022-11-30T12:00:36","guid":{"rendered":"https:\/\/noticiasveracruz.com\/?p=10558"},"modified":"2022-11-30T07:45:14","modified_gmt":"2022-11-30T13:45:14","slug":"confusion-de-gobernadores-a-que-corcholata-apoyar","status":"publish","type":"post","link":"https:\/\/noticiasveracruz.com\/index.php\/2022\/11\/30\/confusion-de-gobernadores-a-que-corcholata-apoyar\/","title":{"rendered":"Confusi\u00f3n de gobernadores: \u00bfa qu\u00e9 corcholata apoyar?"},"content":{"rendered":"<p class=\"p2\">\n<p>&nbsp;<\/p>\n<p><span style=\"font-size: 18pt;\"><strong>Por Jos\u00e9 Ure\u00f1a<\/strong><\/span><\/p>\n<p class=\"p2\"><span style=\"font-size: 14pt;\">Todos confunden: El Presidente porque habla con afecto de sus corcholatas y ordena para ellas todo el apoyo de los gobiernos estatales y municipales. <\/span><span style=\"font-size: 14pt;\">Todos, gobernadores y alcaldes, est\u00e1n obligados a demostrar su disposici\u00f3n y obediencia cuando visitan sus regiones y les organizan actos. <\/span><span style=\"font-size: 14pt;\">No nada m\u00e1s eso.<\/span><\/p>\n<p class=\"p2\"><span style=\"font-size: 14pt;\">Deben ofrecer y pagar toda la log\u00edstica: convocatoria, mantas, escenarios, estrados, equipos de sonido, acarreo y hasta las porras. <\/span><span style=\"font-size: 14pt;\">Pero dos son las corcholatas favoritas de Palacio Nacional: la jefa de Gobierno de la Ciudad de M\u00e9xico, Claudia Sheinbaum, y el secretario de Gobernaci\u00f3n, Ad\u00e1n Augusto L\u00f3pez.<\/span><\/p>\n<p class=\"p2\"><span style=\"font-size: 14pt;\">En ese orden. <\/span><span style=\"font-size: 14pt;\">Pero no se les especifica y ah\u00ed est\u00e1 el problema: no saben a qui\u00e9n privilegiar, a qui\u00e9n expresarle sus simpat\u00edas, sobre qui\u00e9n derramar m\u00e1s recursos -p\u00fablicos, obvio- y usar un discurso conveniente.<\/span><\/p>\n<p class=\"p2\"><span style=\"font-size: 14pt;\">Conveniente es euf\u00f3rico para la favorita y mesurado para quien se cree viene de atr\u00e1s con estrategia superior para imponer su paisanaje y desde ah\u00ed remontar hacia la candidatura presidencial.<\/span><\/p>\n<p>&nbsp;<\/p>\n<p class=\"p2\"><span style=\"font-size: 18pt; color: #e42d33;\"><strong>APOYO PARA TODAS<\/strong><\/span><\/p>\n<p class=\"p2\"><span style=\"font-size: 14pt;\">Tambi\u00e9n confunden las corcholatas. <\/span><span style=\"font-size: 14pt;\">Llegan, escuchan a dos o tres oradores locales y luego simplemente garantizan la continuidad de la regresi\u00f3n nacional tamizada con el discurso oficial como tetratransformaci\u00f3n. <\/span><span style=\"font-size: 14pt;\">Ante la duda, los gobernadores operan para los dos.<\/span><\/p>\n<p class=\"p2\"><span style=\"font-size: 14pt;\">Por ejemplo, a Culiac\u00e1n fue Claudia Sheinbaum y tanto el gobernador Rub\u00e9n Rocha como el cacique de la Universidad Aut\u00f3noma de Sinaloa (UAS), H\u00e9ctor Melesio Cu\u00e9n, le organizaron actos con morenistas. <\/span><span style=\"font-size: 14pt;\">Pero luego fue Ad\u00e1n Augusto L\u00f3pez y Rocha, para no quedar mal, le organiz\u00f3 actos multitudinarios\u2026 \u00a1con priistas!<\/span><\/p>\n<p class=\"p2\"><span style=\"font-size: 14pt;\">Esta confusi\u00f3n se da tambi\u00e9n en otros lados. <\/span><span style=\"font-size: 14pt;\">Basta ver lo sucedido en Tabasco, donde Jos\u00e9 Ramiro L\u00f3pez Obrador anunci\u00f3 su respaldo para Claudia Sheinbaum y el gobernador Carlos Manuel Merino hizo limpia de recomendados de su padrino Ad\u00e1n Augusto L\u00f3pez.<\/span><\/p>\n<p class=\"p2\"><span style=\"font-size: 14pt;\">En ese sentido, est\u00e1n m\u00e1s libres Marcelo Ebrard y Ricardo Monreal: el primero es corcholata, pero no favorita, y el segundo ni es corcholata ni es favorito y por eso es hombre libre.<\/span><\/p>\n<p>&nbsp;<\/p>\n<p class=\"p2\"><span style=\"font-size: 18pt; color: #e42d33;\"><strong>NUEVA MARCA EN TV<\/strong><\/span><\/p>\n<ol>\n<li class=\"p2\"><span style=\"font-size: 14pt;\">El peor papel de M\u00e9xico en mundiales de futbol no ha menguado la afici\u00f3n mexicana.<\/span><\/li>\n<\/ol>\n<p class=\"p2\"><span style=\"font-size: 14pt;\">Vaya un dato oficial: la marca de audiencia en televisi\u00f3n abierta la estableci\u00f3 el partido contra Argentina, visto por 40.5 millones de aficionados, m\u00e1s cuatro millones en dispositivos a trav\u00e9s de Vix.<\/span><\/p>\n<p class=\"p2\"><span style=\"font-size: 14pt;\">Las televisoras se repartieron el p\u00fablico: sola, Televisa Univision tuvo 21.1 y 19.4 millones la competencia, en especial TVAzteca.<\/span><\/p>\n<p class=\"p2\"><span style=\"font-size: 14pt;\">A su vez, Canal 7, promocionado como El Canal del Mundial, implant\u00f3 una marca unitaria con 4.75 millones de aparatos sintonizados.<\/span><\/p>\n<p class=\"p2\"><span style=\"font-size: 14pt;\">Esto se traduce, dicen sus datos y los de Ibope, en 19 millones de televidentes frente a un aparato con imagen y voz.<\/span><\/p>\n<p class=\"p2\"><span style=\"font-size: 14pt;\">Bien por ambas televisoras, espacio de esparcimiento, diversi\u00f3n y afici\u00f3n porque llevan el Mundial a todo el territorio\u2026 aunque Tata Martino y su selecci\u00f3n no correspondan con resultados.<\/span><\/p>\n<p class=\"p2\"><span style=\"font-size: 14pt;\">\u00a0 \u00a0 \u00a02. Unifin no ha publicado informaci\u00f3n financiera del tercer trimestre de 2022, pero realiza negociaciones proactivas con acreedores y fuentes de financiamiento.<\/span><\/p>\n<p class=\"p2\"><span style=\"font-size: 14pt;\">Lo hace porque est\u00e1 sujeta a concurso mercantil y queda pendiente una reestructura judicial ordenada y debe informar oportunamente de su estatus a acreedores y asesores, siempre bajo contratos de confidencialidad.<\/span><\/p>\n<p>&nbsp;<\/p>\n<p>&nbsp;<\/p>\n<p><span style=\"font-size: 18pt; color: #e42d33;\"><em><strong>**Las columnas firmadas en este medio son responsabilidad de quienes las firman**<\/strong><\/em><\/span><\/p>\n<p>&nbsp;<\/p>\n<p>&nbsp;<\/p>\n<p>&nbsp;<\/p>\n","protected":false},"excerpt":{"rendered":"<p>&nbsp; Por Jos\u00e9 Ure\u00f1a Todos confunden: El Presidente porque habla con afecto de sus corcholatas y ordena para ellas todo<\/p>\n","protected":false},"author":4,"featured_media":3258,"comment_status":"closed","ping_status":"closed","sticky":false,"template":"","format":"standard","meta":{"colormag_page_container_layout":"default_layout","colormag_page_sidebar_layout":"default_layout","_jetpack_memberships_contains_paid_content":false,"footnotes":"","jetpack_publicize_message":"","jetpack_publicize_feature_enabled":true,"jetpack_social_post_already_shared":true,"jetpack_social_options":{"image_generator_settings":{"template":"highway","default_image_id":0,"font":"","enabled":false},"version":2}},"categories":[6],"tags":[],"class_list":["post-10558","post","type-post","status-publish","format-standard","has-post-thumbnail","hentry","category-columnistas"],"jetpack_publicize_connections":[],"jetpack_featured_media_url":"https:\/\/noticiasveracruz.com\/wp-content\/uploads\/2022\/04\/JOSE\u0301-UREN\u0303A.png","jetpack_sharing_enabled":true,"publishpress_future_action":{"enabled":false,"date":"2026-05-08 07:04:56","action":"change-status","newStatus":"draft","terms":[],"taxonomy":"category","extraData":[]},"publishpress_future_workflow_manual_trigger":{"enabledWorkflows":[]},"_links":{"self":[{"href":"https:\/\/noticiasveracruz.com\/index.php\/wp-json\/wp\/v2\/posts\/10558","targetHints":{"allow":["GET"]}}],"collection":[{"href":"https:\/\/noticiasveracruz.com\/index.php\/wp-json\/wp\/v2\/posts"}],"about":[{"href":"https:\/\/noticiasveracruz.com\/index.php\/wp-json\/wp\/v2\/types\/post"}],"author":[{"embeddable":true,"href":"https:\/\/noticiasveracruz.com\/index.php\/wp-json\/wp\/v2\/users\/4"}],"replies":[{"embeddable":true,"href":"https:\/\/noticiasveracruz.com\/index.php\/wp-json\/wp\/v2\/comments?post=10558"}],"version-history":[{"count":0,"href":"https:\/\/noticiasveracruz.com\/index.php\/wp-json\/wp\/v2\/posts\/10558\/revisions"}],"wp:featuredmedia":[{"embeddable":true,"href":"https:\/\/noticiasveracruz.com\/index.php\/wp-json\/wp\/v2\/media\/3258"}],"wp:attachment":[{"href":"https:\/\/noticiasveracruz.com\/index.php\/wp-json\/wp\/v2\/media?parent=10558"}],"wp:term":[{"taxonomy":"category","embeddable":true,"href":"https:\/\/noticiasveracruz.com\/index.php\/wp-json\/wp\/v2\/categories?post=10558"},{"taxonomy":"post_tag","embeddable":true,"href":"https:\/\/noticiasveracruz.com\/index.php\/wp-json\/wp\/v2\/tags?post=10558"}],"curies":[{"name":"wp","href":"https:\/\/api.w.org\/{rel}","templated":true}]}}