{"id":10549,"date":"2022-11-30T05:30:48","date_gmt":"2022-11-30T11:30:48","guid":{"rendered":"https:\/\/noticiasveracruz.com\/?p=10549"},"modified":"2022-11-30T07:47:12","modified_gmt":"2022-11-30T13:47:12","slug":"reforma-electoral-moneda-al-aire","status":"publish","type":"post","link":"https:\/\/noticiasveracruz.com\/index.php\/2022\/11\/30\/reforma-electoral-moneda-al-aire\/","title":{"rendered":"Reforma electoral, moneda al aire"},"content":{"rendered":"<p>&nbsp;<\/p>\n<p>&nbsp;<\/p>\n<p><span style=\"font-size: 18pt;\"><strong>Por \u00c1ngel \u00c1lvaro Pe\u00f1a<\/strong><\/span><\/p>\n<p><span style=\"font-size: 18pt;\"><strong>Largamente esperada por los mexicanos, los partidos pol\u00edticos y el Presidente de la Rep\u00fablica, la reforma electoral est\u00e1 pr\u00f3xima a debatirse. L\u00f3pez Obrador sabe que no tiene los votos suficientes como para realizar una reforma profunda de la vida electoral, pero se modificar\u00e1 lo que se pueda sin la aprobaci\u00f3n de las dos terceras partes del Congreso que debe tener toda reforma Constitucional.<\/strong><\/span><\/p>\n<p><span style=\"font-size: 14pt;\">Sin embargo, como sucedi\u00f3 con la reforma el\u00e9ctrica, Morena decidi\u00f3 aplazar una semana la discusi\u00f3n del documento en el pleno, para \u201cdar tiempo al an\u00e1lisis\u201d del dictamen. Algunos consideran que ser\u00e1 tiempo suficiente para cabildear con diputados de la oposici\u00f3n para ver si apoyan la propuesta del Presidente.<\/span><\/p>\n<p><span style=\"font-size: 18pt;\"><strong>Mientras m\u00e1s se acerca el fin de sexenio diputados y senadores de oposici\u00f3n empiezan a pensar en su futuro. Saben que sus partidos no ganar\u00e1n la Presidencia de la Rep\u00fablica y que el resto de los cargos de elecci\u00f3n popular son una moneda en el aire, por lo que deben pensar en su futuro, personal, el cual podr\u00eda estar mejor posicionado en morena que en sus respectivos organismos partidistas.<\/strong><\/span><\/p>\n<p><span style=\"font-size: 14pt;\">\u201cPor prudencia y dar tiempo para el an\u00e1lisis del dictamen, aprobado en comisiones, los coordinadores de la coalici\u00f3n Juntos Hacemos Historia, acordamos pedir a la Mesa Directiva que dicho proyecto sea abordado el martes\u201d, inform\u00f3 el coordinador de Morena, Ignacio Mier.<\/span><\/p>\n<p><span style=\"font-size: 18pt; color: #e42d33;\"><strong>La traici\u00f3n es el com\u00fan denominador en la clase pol\u00edtica mexicana, sin importar partidos ni ideolog\u00edas. Desde hace muchos a\u00f1os han pensado en su persona y no en el pueblo. Ejemplos hay muchos, aunque debe reconocerse que hay quienes brincan de un partido a otro sin siquiera despeinarse como si se tratara de una lucha de sobrevivencia y no un servicio a la poblaci\u00f3n. Tienen la traici\u00f3n en el ADN de sus familias y de sus partidos, hay pruebas todos los d\u00edas, y todav\u00eda as\u00ed quieren ser candidatos luego de vivir una vida de cambio de disfraz que oculta, inevitablemente, el oportunismo.<\/strong><\/span><\/p>\n<p>&nbsp;<\/p>\n<p><img loading=\"lazy\" decoding=\"async\" class=\"aligncenter wp-image-13174 size-large\" src=\"https:\/\/politicosaldesnudo.com.mx\/wp-content\/uploads\/2022\/11\/P-CONGRESO-1024x573.png\" alt=\"\" width=\"800\" height=\"448\" \/><\/p>\n<p>&nbsp;<\/p>\n<p><span style=\"font-size: 18pt;\"><strong>Aplazar el dictamen de la Reforma Electoral, implica que la gente tenga los ojos puestos en el destino de la manera en que deber\u00e1 regirse la conducta de los candidatos, los partidos y la poblaci\u00f3n en general respecto a las campa\u00f1as y las votaciones.<\/strong><\/span><\/p>\n<p><span style=\"font-size: 14pt;\">La oposici\u00f3n nunca ha ofrecido sorpresas ni propuestas y s\u00f3lo sabe decir que no y respondi\u00f3 que se mantiene en su rechazo a la reforma, adem\u00e1s de que el PRD atribuy\u00f3 el aplazamiento a la falta de consensos incluso dentro de la bancada de Morena.<\/span><\/p>\n<p><span style=\"font-size: 18pt;\"><strong>Los conservadores aseguran que ni siquiera en Morena hay unidad de criterios, y por eso aplazan. Lo cierto es que se busca, por un lado, dividir la votaci\u00f3n de Morena desde la oposici\u00f3n. Y, desde Morena, buscar la traici\u00f3n de algunos opositores, no s\u00f3lo para votar a favor e la ley electoral sino para que se vayan a sus filas.<\/strong><\/span><\/p>\n<p><span style=\"font-size: 14pt;\">Mientras esto sucede la guerra de declaraciones se convierte en un adelanto que de lo que podr\u00edan ser las campa\u00f1as, porque la oposici\u00f3n pondera la Alianza opositora, y considera que, si se sumando pueden ganarle a Morena, por su parte, este partido hace \u00e9nfasis en su mayor\u00eda que no ha dejado de crecer o, por lo menos, de mantenerse.<\/span><\/p>\n<p><span style=\"font-size: 18pt;\"><strong>Moreno C\u00e1rdenas, l\u00edder nacional del PRI, anunci\u00f3 una iniciativa de ley reglamentaria para los gobiernos de coalici\u00f3n, a\u00f1adi\u00f3 que aun cuando Morena atrase una semana la discusi\u00f3n, \u201cel resultado ser\u00e1 el mismo: no pasar\u00e1\u201d; sin embargo, en la discusi\u00f3n de comisiones unidas ocurrida el lunes 28, se mostr\u00f3 nervioso y con poca seguridad. \u201cJuntos somos competitivos y el PRI es un integrante s\u00f3lido de la coalici\u00f3n\u201d Va por M\u00e9xico, afirm\u00f3.<\/strong><\/span><\/p>\n<p><span style=\"font-size: 14pt;\">Hay pol\u00edticos que no resisten m\u00e1s tiempo ante la posible conclusi\u00f3n de su carrera pol\u00edtica, pero tambi\u00e9n hay traiciones que marcan de por vida a los traidores.<\/span><\/p>\n<p>&nbsp;<\/p>\n<p><span style=\"font-size: 18pt; color: #e42d33;\"><strong>PEGA Y CORRE<\/strong><\/span><\/p>\n<p><span style=\"font-size: 14pt;\">El banco estadounidense JP Morgan, caracterizado por criticar la postura de L\u00f3pez Obrador desde la campa\u00f1a, se\u00f1al\u00f3 que Morena ganar\u00e1 las elecciones presidenciales de 2024 debido a una \u201cfr\u00e1gil alianza de oposici\u00f3n\u201d y a que se espera una reactivaci\u00f3n del gasto p\u00fablico en programas sociales y proyectos prioritarios.<\/span><\/p>\n<p>&nbsp;<\/p>\n<p>&nbsp;<\/p>\n<p class=\"p1\"><span style=\"font-size: 18pt;\"><strong>Esta columna se publica los lunes, mi\u00e9rcoles y viernes<\/strong><\/span><\/p>\n<p>&nbsp;<\/p>\n<p><span style=\"font-size: 18pt; color: #e42d33;\"><em><strong>**Las columnas firmadas en este medio son responsabilidad de quienes las firman**<\/strong><\/em><\/span><\/p>\n<p>&nbsp;<\/p>\n<p>&nbsp;<\/p>\n","protected":false},"excerpt":{"rendered":"<p>&nbsp; &nbsp; Por \u00c1ngel \u00c1lvaro Pe\u00f1a Largamente esperada por los mexicanos, los partidos pol\u00edticos y el Presidente de la Rep\u00fablica,<\/p>\n","protected":false},"author":4,"featured_media":3187,"comment_status":"closed","ping_status":"closed","sticky":false,"template":"","format":"standard","meta":{"colormag_page_container_layout":"default_layout","colormag_page_sidebar_layout":"default_layout","_jetpack_memberships_contains_paid_content":false,"footnotes":"","jetpack_publicize_message":"","jetpack_publicize_feature_enabled":true,"jetpack_social_post_already_shared":true,"jetpack_social_options":{"image_generator_settings":{"template":"highway","default_image_id":0,"font":"","enabled":false},"version":2}},"categories":[6],"tags":[],"class_list":["post-10549","post","type-post","status-publish","format-standard","has-post-thumbnail","hentry","category-columnistas"],"jetpack_publicize_connections":[],"jetpack_featured_media_url":"https:\/\/noticiasveracruz.com\/wp-content\/uploads\/2022\/04\/A\u0301NGEL-A\u0301LVARO-PEN\u0303A.png","jetpack_sharing_enabled":true,"publishpress_future_action":{"enabled":false,"date":"2026-05-07 03:48:22","action":"change-status","newStatus":"draft","terms":[],"taxonomy":"category","extraData":[]},"publishpress_future_workflow_manual_trigger":{"enabledWorkflows":[]},"_links":{"self":[{"href":"https:\/\/noticiasveracruz.com\/index.php\/wp-json\/wp\/v2\/posts\/10549","targetHints":{"allow":["GET"]}}],"collection":[{"href":"https:\/\/noticiasveracruz.com\/index.php\/wp-json\/wp\/v2\/posts"}],"about":[{"href":"https:\/\/noticiasveracruz.com\/index.php\/wp-json\/wp\/v2\/types\/post"}],"author":[{"embeddable":true,"href":"https:\/\/noticiasveracruz.com\/index.php\/wp-json\/wp\/v2\/users\/4"}],"replies":[{"embeddable":true,"href":"https:\/\/noticiasveracruz.com\/index.php\/wp-json\/wp\/v2\/comments?post=10549"}],"version-history":[{"count":0,"href":"https:\/\/noticiasveracruz.com\/index.php\/wp-json\/wp\/v2\/posts\/10549\/revisions"}],"wp:featuredmedia":[{"embeddable":true,"href":"https:\/\/noticiasveracruz.com\/index.php\/wp-json\/wp\/v2\/media\/3187"}],"wp:attachment":[{"href":"https:\/\/noticiasveracruz.com\/index.php\/wp-json\/wp\/v2\/media?parent=10549"}],"wp:term":[{"taxonomy":"category","embeddable":true,"href":"https:\/\/noticiasveracruz.com\/index.php\/wp-json\/wp\/v2\/categories?post=10549"},{"taxonomy":"post_tag","embeddable":true,"href":"https:\/\/noticiasveracruz.com\/index.php\/wp-json\/wp\/v2\/tags?post=10549"}],"curies":[{"name":"wp","href":"https:\/\/api.w.org\/{rel}","templated":true}]}}