{"id":10515,"date":"2022-11-29T07:35:31","date_gmt":"2022-11-29T13:35:31","guid":{"rendered":"https:\/\/noticiasveracruz.com\/?p=10515"},"modified":"2022-11-29T07:35:48","modified_gmt":"2022-11-29T13:35:48","slug":"analizan-mexico-y-eu-fin-del-comercio-de-maiz-transgenico-estadounidense","status":"publish","type":"post","link":"https:\/\/noticiasveracruz.com\/index.php\/2022\/11\/29\/analizan-mexico-y-eu-fin-del-comercio-de-maiz-transgenico-estadounidense\/","title":{"rendered":"Analizan M\u00e9xico y EU fin del comercio de ma\u00edz transg\u00e9nico estadounidense"},"content":{"rendered":"<p>&nbsp;<\/p>\n<p class=\"p1\"><span style=\"font-size: 14pt;\"><em><strong>CIUDAD DE M\u00c9XICO.<\/strong> <\/em>El <strong>secretario de Agricultura de EU, Tom Vilsack<\/strong>, se reuni\u00f3 con funcionarios del Gobierno de M\u00e9xico para tratar el <strong>fin de las exportaciones estadounidenses de ma\u00edz transg\u00e9nico para consumo humano y temas preparatorios para la pr\u00f3xima Cumbre L\u00edderes de Am\u00e9rica del Norte, inform\u00f3 el canciller Marcelo Ebrard.<\/strong><\/span><\/p>\n<p>&nbsp;<\/p>\n<blockquote>\n<p class=\"p1\"><span style=\"font-size: 14pt;\">El de agricultura es muy importante, son todas las exportaciones e importaciones de M\u00e9xico, cu\u00e1les son las decisiones o los puntos en los que nos tenemos que poner de acuerdo\u201d<\/span><\/p>\n<p>&nbsp;<\/p><\/blockquote>\n<blockquote class=\"twitter-tweet\" data-width=\"550\" data-dnt=\"true\">\n<p lang=\"es\" dir=\"ltr\">Particip\u00e9 en reuni\u00f3n preparatoria de la Cumbre de L\u00edderes de Am\u00e9rica del Norte encabezada por el Presidente L\u00f3pez Obrador con el Secretario de Agricultura de los Estados Unidos Tom Vilsack y el embajador Ken Salazar.<\/p>\n<p>&mdash; Marcelo Ebrard C. (@m_ebrard) <a href=\"https:\/\/twitter.com\/m_ebrard\/status\/1597349430294089728?ref_src=twsrc%5Etfw\">November 28, 2022<\/a><\/p><\/blockquote>\n<p><script async src=\"https:\/\/platform.twitter.com\/widgets.js\" charset=\"utf-8\"><\/script><\/p>\n<p>&nbsp;<\/p>\n<p class=\"p1\"><span style=\"font-size: 14pt;\">Al encuentro celebrado en Palacio Nacional, sede del Ejecutivo federal y residencia presidencial, tambi\u00e9n acudi\u00f3 el embajador de EU en M\u00e9xico,\u00a0Ken Salazar, y los titulares locales de Agricultura, V\u00edctor Villalobos, de Econom\u00eda, Raquel Buenrostro, y de Medio Ambiente, Mar\u00eda Luisa Albores.<\/span><\/p>\n<p class=\"p1\"><span style=\"font-size: 14pt;\">En la reuni\u00f3n preparatoria de la\u00a0Cumbre de Am\u00e9rica del Norte\u00a0que se celebrar\u00e1 el 9 y 10 de enero en la capital mexicana,\u00a0\u201cestamos tratando de tener claro en cada uno de los campos m\u00e1s importantes como puede ser este\u201d, el del comercio del ma\u00edz transg\u00e9nico, dijo el titular de Relaciones Exteriores en las declaraciones difundidas por su oficina.<\/span><\/p>\n<p class=\"p1\"><span style=\"font-size: 18pt; color: #e42d33;\"><strong>Un decreto emitido a finales del 2020 por el presidente Andr\u00e9s Manuel L\u00f3pez Obrador apunta a\u00a0eliminar gradualmente el ma\u00edz transg\u00e9nico\u00a0y el herbicida\u00a0glifosato\u00a0para el 2024, decisi\u00f3n que ha sido respaldada por organizaciones ambientalistas.<\/strong><\/span><\/p>\n<p class=\"p1\"><span style=\"font-size: 18pt;\"><strong>L\u00f3pez Obrador dijo horas antes de la reuni\u00f3n, que la postura de su Gobierno sobre el tema es cancelar las importaciones de ma\u00edz transg\u00e9nico para consumo humano, pero\u00a0agreg\u00f3 que \u201chay formas de ponernos de acuerdo\u201d.<\/strong><\/span><\/p>\n<p>&nbsp;<\/p>\n<p><img loading=\"lazy\" decoding=\"async\" class=\"aligncenter wp-image-13135 size-large\" src=\"https:\/\/politicosaldesnudo.com.mx\/wp-content\/uploads\/2022\/11\/P-MAIZ-TRANSGENICO-2-1024x573.png\" alt=\"\" width=\"800\" height=\"448\" \/><\/p>\n<p>&nbsp;<\/p>\n<p class=\"p1\"><span style=\"font-size: 18pt; color: #e42d33;\"><strong>NO AL MAIZ TRANSG\u00c9NICO<\/strong><\/span><\/p>\n<p class=\"p1\"><span style=\"font-size: 18pt;\"><strong>El presidente de M\u00e9xico, Andr\u00e9s Manuel L\u00f3pez Obrador, asever\u00f3 que a pesar de las presiones por parte de Estados Unidos sobre la prohibici\u00f3n de ma\u00edz transg\u00e9nico a la cual aspira el pa\u00eds latinoamericano, no cambiar\u00e1 su pol\u00edtica, pero dijo que \u201chay formas de ponerse de acuerdo\u201d.<\/strong><\/span><\/p>\n<p>&nbsp;<\/p>\n<blockquote>\n<p class=\"p1\"><span style=\"font-size: 14pt;\">no queremos ma\u00edz transg\u00e9nico para consumo humano. No queremos, no lo vamos a permitir\u201d<\/span><\/p>\n<\/blockquote>\n<p>&nbsp;<\/p>\n<blockquote>\n<p class=\"p1\"><span style=\"font-size: 14pt;\">Vamos a seguir produciendo ma\u00edz blanco para consumo humano y somos autosuficientes de ma\u00edz blanco, donde est\u00e1 el problema es en el ma\u00edz amarillo para forraje. Entonces, esa es nuestra pol\u00edtica y va a continuar as\u00ed, pero hay formas de ponerse de acuerdo\u201d<\/span><\/p>\n<\/blockquote>\n<p>&nbsp;<\/p>\n<p class=\"p1\"><span style=\"font-size: 14pt;\">Apenas la semana pasada, el presidente de M\u00e9xico inform\u00f3 que, de momento, puso freno a la\u00a0cancelaci\u00f3n del uso del glifosato, pues explic\u00f3 que no se puede eliminar de manera tajante\u00a0sin tener alguna otra alternativa para la limpieza de plantas y \u00e1rboles.<\/span><\/p>\n<p>&nbsp;<\/p>\n<blockquote>\n<p class=\"p1\"><span style=\"font-size: 14pt;\">Es una situaci\u00f3n especial, no solo de car\u00e1cter mercantil o de predominio econ\u00f3mico, en donde solo est\u00e1 de por medio el lucro, es que este herbicida permite la limpia de las plantas, de los \u00e1rboles, el quitar la hierba y no se tiene todav\u00eda una opci\u00f3n alternativa, vamos a decir, un producto natural, biol\u00f3gico, que ayude a aligerar y abaratar este procedimiento productivo\u201d<\/span><\/p>\n<\/blockquote>\n<p>&nbsp;<\/p>\n<p class=\"p1\"><span style=\"font-size: 18pt;\"><strong>Recordemos que en diciembre de 2020,\u00a0L\u00f3pez Obrador firm\u00f3 un decreto para prohibir el ma\u00edz transg\u00e9nico\u00a0aludiendo el da\u00f1o que causa a la biodiversidad mexicana.<\/strong><\/span><\/p>\n<p>&nbsp;<\/p>\n<p>&nbsp;<\/p>\n<p>&nbsp;<\/p>\n<p>&nbsp;<\/p>\n<p>&nbsp;<\/p>\n","protected":false},"excerpt":{"rendered":"<p>&nbsp; CIUDAD DE M\u00c9XICO. El secretario de Agricultura de EU, Tom Vilsack, se reuni\u00f3 con funcionarios del Gobierno de M\u00e9xico<\/p>\n","protected":false},"author":4,"featured_media":10516,"comment_status":"closed","ping_status":"closed","sticky":false,"template":"","format":"standard","meta":{"colormag_page_container_layout":"default_layout","colormag_page_sidebar_layout":"default_layout","_jetpack_memberships_contains_paid_content":false,"footnotes":"","jetpack_publicize_message":"","jetpack_publicize_feature_enabled":true,"jetpack_social_post_already_shared":true,"jetpack_social_options":{"image_generator_settings":{"template":"highway","default_image_id":0,"font":"","enabled":false},"version":2}},"categories":[4],"tags":[65,92,1769,499,31],"class_list":["post-10515","post","type-post","status-publish","format-standard","has-post-thumbnail","hentry","category-nacional","tag-andres-manuel-lopez-obrador","tag-estados-unidos","tag-maiz-transgenico","tag-marcelo-ebrard","tag-mexico"],"jetpack_publicize_connections":[],"jetpack_featured_media_url":"https:\/\/noticiasveracruz.com\/wp-content\/uploads\/2022\/11\/P-MAIZ-TRANSGENICO-1.png","jetpack_sharing_enabled":true,"publishpress_future_action":{"enabled":false,"date":"2026-05-07 23:42:06","action":"change-status","newStatus":"draft","terms":[],"taxonomy":"category","extraData":[]},"publishpress_future_workflow_manual_trigger":{"enabledWorkflows":[]},"_links":{"self":[{"href":"https:\/\/noticiasveracruz.com\/index.php\/wp-json\/wp\/v2\/posts\/10515","targetHints":{"allow":["GET"]}}],"collection":[{"href":"https:\/\/noticiasveracruz.com\/index.php\/wp-json\/wp\/v2\/posts"}],"about":[{"href":"https:\/\/noticiasveracruz.com\/index.php\/wp-json\/wp\/v2\/types\/post"}],"author":[{"embeddable":true,"href":"https:\/\/noticiasveracruz.com\/index.php\/wp-json\/wp\/v2\/users\/4"}],"replies":[{"embeddable":true,"href":"https:\/\/noticiasveracruz.com\/index.php\/wp-json\/wp\/v2\/comments?post=10515"}],"version-history":[{"count":0,"href":"https:\/\/noticiasveracruz.com\/index.php\/wp-json\/wp\/v2\/posts\/10515\/revisions"}],"wp:featuredmedia":[{"embeddable":true,"href":"https:\/\/noticiasveracruz.com\/index.php\/wp-json\/wp\/v2\/media\/10516"}],"wp:attachment":[{"href":"https:\/\/noticiasveracruz.com\/index.php\/wp-json\/wp\/v2\/media?parent=10515"}],"wp:term":[{"taxonomy":"category","embeddable":true,"href":"https:\/\/noticiasveracruz.com\/index.php\/wp-json\/wp\/v2\/categories?post=10515"},{"taxonomy":"post_tag","embeddable":true,"href":"https:\/\/noticiasveracruz.com\/index.php\/wp-json\/wp\/v2\/tags?post=10515"}],"curies":[{"name":"wp","href":"https:\/\/api.w.org\/{rel}","templated":true}]}}