{"id":10505,"date":"2022-11-29T06:42:13","date_gmt":"2022-11-29T12:42:13","guid":{"rendered":"https:\/\/noticiasveracruz.com\/?p=10505"},"modified":"2022-11-29T06:42:13","modified_gmt":"2022-11-29T12:42:13","slug":"alto-al-nepotismo-en-el-poder-judicial","status":"publish","type":"post","link":"https:\/\/noticiasveracruz.com\/index.php\/2022\/11\/29\/alto-al-nepotismo-en-el-poder-judicial\/","title":{"rendered":"Alto al nepotismo en el Poder Judicial"},"content":{"rendered":"<p>&nbsp;<\/p>\n<p>&nbsp;<\/p>\n<p>&nbsp;<\/p>\n<p class=\"p2\"><span style=\"font-size: 18pt;\"><strong>Por\u00a0 Luis Ram\u00edrez Baqueiro<\/strong><\/span><\/p>\n<p class=\"p2\">\n<p>&nbsp;<\/p>\n<p class=\"p2\" style=\"text-align: center;\"><em><span style=\"font-size: 18pt;\"><strong>\u201cLa mentira nunca vive hasta llegar a vieja\u201d <\/strong><\/span><\/em><\/p>\n<p class=\"p2\" style=\"text-align: center;\"><span style=\"font-size: 18pt;\">\u2013 S\u00f3crates \u2013 <\/span><\/p>\n<p class=\"p2\" style=\"text-align: center;\">\n<p>&nbsp;<\/p>\n<p>&nbsp;<\/p>\n<p class=\"p2\"><span style=\"font-size: 14pt;\">Graves y serios los se\u00f1alamientos de los magistrados del Poder Judicial del Estado, al observar que es del nepotismo cuatrotero es la regla y la norma en los tiempos del Gobernador Cuitl\u00e1huac Garc\u00eda Jim\u00e9nez.<\/span><\/p>\n<p class=\"p2\"><span style=\"font-size: 14pt;\">Todo parece indicar que con el cuento de la parentela la magistrada Ailett Garc\u00eda Cayetano trae a m\u00e1s de dos medios confundidos vendi\u00e9ndoles la versi\u00f3n de que ella es la buena por \u00f3rdenes de su pariente el C. Gobernador, para suceder a Isabel In\u00e9s Romero Cruz, que no est\u00e1 perdida, sino extraviada.<\/span><\/p>\n<p class=\"p2\"><span style=\"font-size: 14pt;\">Y es que la tarde de este lunes se reunieron los 8 presidentes de sala, junto con la magistrada presidenta saliente, con el objetivo de elegir al presidente de debates.<\/span><\/p>\n<p class=\"p2\"><span style=\"font-size: 14pt;\">La votaci\u00f3n result\u00f3 ser muy cerrada, quedando 4 votos para Ailet Garc\u00eda Cayetano y 4 votos para Sergio Jim\u00e9nez Maraboto, solo que Romero Cruz, la magistrada saliente dio voto de calidad a favor de Garc\u00eda Cayetano, provocando el malestar de los magistrados.<\/span><\/p>\n<p class=\"p2\"><span style=\"font-size: 14pt;\">La evidente cargada por choreo trae norteado a m\u00e1s de dos magistrados, que confundidos con las \u00faltimas imposiciones en el Poder Judicial han comprado el cuento de que ella deber\u00e1 ser la nueva presidenta, sin reflexionar, en que se est\u00e1 incumpliendo en la normatividad de valorar las carreras judiciales de los presuntos interesados.<\/span><\/p>\n<p class=\"p2\"><span style=\"font-size: 14pt;\">Lo grave de la determinaci\u00f3n alcanzada, es que el pr\u00f3ximo viernes Ailet Garc\u00eda Cayetano podr\u00eda ser juez y parte al poder fungir como presidente de debates y votar por s\u00ed misma en caso de empate.<\/span><\/p>\n<p class=\"p2\"><span style=\"font-size: 14pt;\">Durante la reuni\u00f3n se acord\u00f3 que la magistrada Denisse de los \u00c1ngeles Uribe Alarc\u00f3n, funja como escrutadora, y que el magistrado Sergio Jim\u00e9nez Maraboto, sea presidente interino por un d\u00eda del Poder Judicial.<\/span><\/p>\n<p class=\"p2\"><span style=\"font-size: 14pt;\">Esta medida se implementa para que el d\u00eda 1 de diciembre se convoque a la elecci\u00f3n al d\u00eda siguiente a las 8:30 de la ma\u00f1ana.<\/span><\/p>\n<p class=\"p2\"><span style=\"font-size: 14pt;\">Se ha logrado saber que durante la sesi\u00f3n e incluso acabada, varios de los magistrados del Tribunal Superior de Justicia, se\u00f1alaron que en la historia del Poder Judicial el presidente de debates nunca ha votado por s\u00ed mismo, pues se trata de algo inmoral.<\/span><\/p>\n<p class=\"p2\"><span style=\"font-size: 14pt;\">Resaltaron que ellos como impartidores de justicia tienen claro que no se puede ser juez y parte en ning\u00fan proceso democr\u00e1tico, acaso sabr\u00e1 eso la magistrada Ailet Garc\u00eda Cayetano, pero sobre todo \u00bflo aplicar\u00e1?<\/span><\/p>\n<p class=\"p2\">\n<p class=\"p2\"><span style=\"font-size: 18pt; color: #e42d33;\"><strong>SEXTANTE<\/strong><\/span><\/p>\n<p class=\"p2\"><span style=\"font-size: 14pt;\">Ya le tom\u00f3 gusto el gobernador Cuitl\u00e1huac Garc\u00eda Jim\u00e9nez a re\u00edrse de la oposici\u00f3n con suma inteligencia, y eso es de celebrarse.<\/span><\/p>\n<p class=\"p2\"><span style=\"font-size: 14pt;\">Al menos eso manifest\u00f3 en su mensaje en redes sociales para festinar el cambio de calificaci\u00f3n crediticia a las finanzas de Veracruz, pues el Ejecutivo se\u00f1al\u00f3:<\/span><\/p>\n<p class=\"p2\"><span style=\"font-size: 14pt;\">\u201cAqu\u00ed estamos echando el taco y las gorditas gigantes aprovechando que lleg\u00f3 otra buena noticia: la calificadora \u201cStandard &amp; Poors\u201d nos ha subido la calidad crediticia un punto positivo m\u00e1s\u201d.<\/span><\/p>\n<p class=\"p2\"><span style=\"font-size: 14pt;\">\u201cAhora a ver qu\u00e9 dicen los que tra\u00edan la cantaleta de que \u201cendeudamos\u201d a Veracruz en la 4T, si esta evaluaci\u00f3n positiva se debe a la reducci\u00f3n de la deuda y transparencia presupuestal entre otros factores\u201d.<\/span><\/p>\n<p class=\"p2\"><span style=\"font-size: 14pt;\">\u201cPor lo mientras, tambi\u00e9n le subo puntos al caldito de res de ac\u00e1 de la Rotonda\u201d.<\/span><\/p>\n<p class=\"p2\"><span style=\"font-size: 14pt;\">\u201cSeguimos chambeando\u201d.<\/span><\/p>\n<p>&nbsp;<\/p>\n<p>&nbsp;<\/p>\n<p class=\"p1\"><strong><span style=\"font-size: 18pt;\">Al tiempo.<\/span><\/strong><\/p>\n<p>&nbsp;<\/p>\n<p class=\"p1\"><span style=\"font-size: 18pt;\"><strong>Correo: <a href=\"mailto:astrolabiopoliticomx@gmail.com\">astrolabiopoliticomx@gmail.com<\/a><\/strong><\/span><\/p>\n<p class=\"p1\"><span style=\"font-size: 18pt;\"><strong>Twitter: <a href=\"http:\/\/www.twitter.com\/LuisBaqueiro_mx\">@LuisBaqueiro_mx<\/a><\/strong><\/span><\/p>\n<p>&nbsp;<\/p>\n<p><span style=\"font-size: 18pt; color: #e42d33;\"><em><strong>**Las columnas firmadas en este medio son responsabilidad de quienes las firman**<\/strong><\/em><\/span><\/p>\n<p>&nbsp;<\/p>\n","protected":false},"excerpt":{"rendered":"<p>&nbsp; &nbsp; &nbsp; Por\u00a0 Luis Ram\u00edrez Baqueiro &nbsp; \u201cLa mentira nunca vive hasta llegar a vieja\u201d \u2013 S\u00f3crates \u2013 &nbsp;<\/p>\n","protected":false},"author":4,"featured_media":0,"comment_status":"closed","ping_status":"closed","sticky":false,"template":"","format":"standard","meta":{"colormag_page_container_layout":"default_layout","colormag_page_sidebar_layout":"default_layout","_jetpack_memberships_contains_paid_content":false,"footnotes":"","jetpack_publicize_message":"","jetpack_publicize_feature_enabled":true,"jetpack_social_post_already_shared":true,"jetpack_social_options":{"image_generator_settings":{"template":"highway","default_image_id":0,"font":"","enabled":false},"version":2}},"categories":[6],"tags":[],"class_list":["post-10505","post","type-post","status-publish","format-standard","hentry","category-columnistas"],"jetpack_publicize_connections":[],"jetpack_featured_media_url":"","jetpack_sharing_enabled":true,"publishpress_future_action":{"enabled":false,"date":"2026-05-08 01:20:58","action":"change-status","newStatus":"draft","terms":[],"taxonomy":"category","extraData":[]},"publishpress_future_workflow_manual_trigger":{"enabledWorkflows":[]},"_links":{"self":[{"href":"https:\/\/noticiasveracruz.com\/index.php\/wp-json\/wp\/v2\/posts\/10505","targetHints":{"allow":["GET"]}}],"collection":[{"href":"https:\/\/noticiasveracruz.com\/index.php\/wp-json\/wp\/v2\/posts"}],"about":[{"href":"https:\/\/noticiasveracruz.com\/index.php\/wp-json\/wp\/v2\/types\/post"}],"author":[{"embeddable":true,"href":"https:\/\/noticiasveracruz.com\/index.php\/wp-json\/wp\/v2\/users\/4"}],"replies":[{"embeddable":true,"href":"https:\/\/noticiasveracruz.com\/index.php\/wp-json\/wp\/v2\/comments?post=10505"}],"version-history":[{"count":0,"href":"https:\/\/noticiasveracruz.com\/index.php\/wp-json\/wp\/v2\/posts\/10505\/revisions"}],"wp:attachment":[{"href":"https:\/\/noticiasveracruz.com\/index.php\/wp-json\/wp\/v2\/media?parent=10505"}],"wp:term":[{"taxonomy":"category","embeddable":true,"href":"https:\/\/noticiasveracruz.com\/index.php\/wp-json\/wp\/v2\/categories?post=10505"},{"taxonomy":"post_tag","embeddable":true,"href":"https:\/\/noticiasveracruz.com\/index.php\/wp-json\/wp\/v2\/tags?post=10505"}],"curies":[{"name":"wp","href":"https:\/\/api.w.org\/{rel}","templated":true}]}}