{"id":10479,"date":"2022-11-27T20:24:16","date_gmt":"2022-11-28T02:24:16","guid":{"rendered":"https:\/\/noticiasveracruz.com\/?p=10479"},"modified":"2022-11-28T00:26:02","modified_gmt":"2022-11-28T06:26:02","slug":"humanismo-mexicano-el-modelo-de-gobierno-de-la-4t-afirma-presidente","status":"publish","type":"post","link":"https:\/\/noticiasveracruz.com\/index.php\/2022\/11\/27\/humanismo-mexicano-el-modelo-de-gobierno-de-la-4t-afirma-presidente\/","title":{"rendered":"Humanismo Mexicano, el modelo de gobierno de la 4T, afirma presidente\u00a0"},"content":{"rendered":"<p>&nbsp;<\/p>\n<p class=\"p1\"><span style=\"font-size: 14pt;\"><em><strong>CIUDAD DE M\u00c9XICO.<\/strong><\/em> \u201c<span class=\"s1\"><b>Sigamos haciendo historia. Continuemos impulsando la revoluci\u00f3n de las conciencias. Hagamos realidad y gloria el Humanismo Mexicano<\/b><\/span>\u201d, exclam\u00f3 el presidente <strong>Andr\u00e9s Manuel L\u00f3pez Obrador<\/strong> ante miles de personas que lo acompa\u00f1aron en la celebraci\u00f3n por cuatro a\u00f1os de la Cuarta Transformaci\u00f3n.<\/span><\/p>\n<p class=\"p1\"><span style=\"font-size: 18pt;\"><strong>En el Z\u00f3calo de la Ciudad de M\u00e9xico, el jefe del Ejecutivo present\u00f3 110 acciones y logros de la administraci\u00f3n que encabeza, guiada por principios pol\u00edticos, econ\u00f3micos y sociales a los que denomin\u00f3 \u2018Humanismo Mexicano\u2019.<\/strong><\/span><\/p>\n<p>&nbsp;<\/p>\n<blockquote>\n<p class=\"p1\"><span style=\"font-size: 14pt;\">Aun cuando lo fundamental son los hechos, no deja de importar c\u00f3mo definir, en el terreno te\u00f3rico, el modelo de gobierno que estamos aplicando. Mi propuesta ser\u00eda llamarle: \u2018Humanismo Mexicano\u2019 no solo por la frase atribuida al literato romano Publio Terencio, de que: \u2018nada humano nos es ajeno\u2019, sino porque, nutri\u00e9ndose de ideas universales, lo esencial de nuestro proyecto proviene de nuestra grandeza cultural milenaria y de nuestra excepcional y fecunda historia pol\u00edtica\u201d<\/span><\/p>\n<\/blockquote>\n<p>&nbsp;<\/p>\n<p class=\"p3\"><span style=\"font-size: 18pt; color: #e42d33;\"><strong><span class=\"s2\">Tras encabezar la marcha, que inici\u00f3 a las 9:00 horas en el \u00c1ngel de la Independencia, afirm\u00f3 que\u00a0<\/span>la nueva pol\u00edtica econ\u00f3mica, moral y social consiste en fomentar el progreso con justicia<span class=\"s2\">, es decir, la\u00a0<\/span>distribuci\u00f3n equitativa del ingreso y la riqueza<span class=\"s2\">.<\/span><\/strong><\/span><\/p>\n<p>&nbsp;<\/p>\n<p><img loading=\"lazy\" decoding=\"async\" class=\"aligncenter wp-image-13090 size-large\" src=\"https:\/\/politicosaldesnudo.com.mx\/wp-content\/uploads\/2022\/11\/P-HUMANISMO-MEXICANO-2-1024x573.png\" alt=\"\" width=\"800\" height=\"448\" \/><\/p>\n<p>&nbsp;<\/p>\n<blockquote>\n<p class=\"p1\"><span style=\"font-size: 14pt;\">El fin \u00faltimo de un Estado es crear las condiciones para que la gente pueda vivir feliz y libre de miserias y temores. (\u2026) El aumento al salario, el reparto de utilidades y los Programas para el Bienestar se han convertido en nuevos y eficaces medios para la distribuci\u00f3n m\u00e1s justa de la riqueza\u201d<\/span><\/p>\n<\/blockquote>\n<p>&nbsp;<\/p>\n<p class=\"p1\"><span style=\"font-size: 18pt;\"><strong>M\u00e1s all\u00e1 del crecimiento econ\u00f3mico \u2013el cual aumentar\u00e1 3.5 por ciento este a\u00f1o y para 2023 y 2024 se prev\u00e9 que ser\u00e1 del mismo porcentaje\u2013, es fundamental desterrar la corrupci\u00f3n y los privilegios para destinar lo obtenido y ahorrado en beneficio de la mayor\u00eda del pueblo, particularmente a los m\u00e1s pobres y marginados, dijo el mandatario.<\/strong><\/span><\/p>\n<p>&nbsp;<\/p>\n<blockquote>\n<p class=\"p1\"><span style=\"font-size: 14pt;\">Por el bien de todos, primero los pobres\u2019. Esta frase debiera ser la esencia de la actividad pol\u00edtica porque es sin\u00f3nimo de humanismo y una forma distinta de entender la importancia del poder, cuyo ejercicio, como he dicho muchas veces, solo es puro y virtuoso cuando se pone al servicio de los dem\u00e1s\u201d<\/span><\/p>\n<\/blockquote>\n<p>&nbsp;<\/p>\n<p class=\"p1\"><span style=\"font-size: 18pt; color: #e42d33;\"><strong>Durante su mensaje a la poblaci\u00f3n el presidente Andr\u00e9s Manuel L\u00f3pez Obrador destac\u00f3 que el Plan de Austeridad Republicana, por ejemplo, ha permitido ahorrar 574 mil millones de pesos y la reducci\u00f3n del gasto en publicidad del gobierno gener\u00f3 42 mil millones de pesos extra.<\/strong><\/span><\/p>\n<p class=\"p1\"><span style=\"font-size: 18pt;\"><strong>Esos recursos, acot\u00f3, se destinan a la poblaci\u00f3n a trav\u00e9s de obras de infraestructura y\u00a0<span class=\"s4\">Programas para el Bienestar<\/span>, que actualmente llegan a 30 millones de familias del pa\u00eds, es decir, al 85 por ciento de los hogares.<\/strong><\/span><\/p>\n<p>&nbsp;<\/p>\n<blockquote>\n<p class=\"p1\"><span style=\"font-size: 14pt;\">Atender a los m\u00e1s pobres es tambi\u00e9n ir a la segura para contar con el apoyo de muchos cuando se busca transformar una realidad de opresi\u00f3n y alcanzar el ideal de vivir en una sociedad mejor, m\u00e1s justa, igualitaria y fraterna\u201d<\/span><\/p>\n<\/blockquote>\n<p class=\"p1\"><span style=\"font-size: 18pt;\"><strong>Retomando los ideales de personajes hist\u00f3ricos como Miguel Hidalgo y Costilla y Francisco I. Madero, el mandatario Andr\u00e9s Manuel L\u00f3pez Obrador refrend\u00f3 que la Cuarta Transformaci\u00f3n no acepta el derrotismo y apuesta por las libertades; adem\u00e1s, defiende la democracia y tiene un profundo amor al pueblo.<\/strong><\/span><\/p>\n<p>&nbsp;<\/p>\n<p><img loading=\"lazy\" decoding=\"async\" class=\"aligncenter wp-image-13087 size-large\" src=\"https:\/\/politicosaldesnudo.com.mx\/wp-content\/uploads\/2022\/11\/P-HUMANISMO-MEXICANO-1-1024x573.png\" alt=\"\" width=\"800\" height=\"448\" \/><\/p>\n<p>&nbsp;<\/p>\n<blockquote>\n<p class=\"p1\"><span style=\"font-size: 14pt;\">\u00bfQui\u00e9n defiende realmente a un gobierno democr\u00e1tico? El pueblo. (\u2026) \u00bfQui\u00e9n respalda la Cuarta Transformaci\u00f3n? El pueblo. Por eso nunca jam\u00e1s vamos a traicionar al pueblo. (\u2026) Algo b\u00e1sico y esencial: nada se logra sin amor al pueblo\u201d<\/span><\/p>\n<\/blockquote>\n<p>&nbsp;<\/p>\n<p><span style=\"font-size: 14pt;\">El presidente Andr\u00e9s Manuel L\u00f3pez Obrador agradeci\u00f3 a las y los servidores p\u00fablicos que lo acompa\u00f1an en el gobierno federal, especialmente a integrantes del Gabinete Legal y Ampliado, quienes marcharon junto a \u00e9l este d\u00eda para conmemorar el cuarto aniversario de la transformaci\u00f3n del pa\u00eds.<\/span><\/p>\n<figure class=\"wp-block-gallery columns-3 is-cropped\"><\/figure>\n","protected":false},"excerpt":{"rendered":"<p>&nbsp; CIUDAD DE M\u00c9XICO. \u201cSigamos haciendo historia. Continuemos impulsando la revoluci\u00f3n de las conciencias. Hagamos realidad y gloria el Humanismo Mexicano\u201d, exclam\u00f3 el presidente Andr\u00e9s Manuel L\u00f3pez Obrador ante miles de personas que lo acompa\u00f1aron en la celebraci\u00f3n por cuatro a\u00f1os de la Cuarta Transformaci\u00f3n. En el Z\u00f3calo de la Ciudad de M\u00e9xico, el jefe [&hellip;]<\/p>\n","protected":false},"author":4,"featured_media":10472,"comment_status":"closed","ping_status":"closed","sticky":false,"template":"","format":"standard","meta":{"_jetpack_newsletter_access":"","_jetpack_dont_email_post_to_subs":false,"_jetpack_newsletter_tier_id":0,"_jetpack_memberships_contains_paywalled_content":false,"_jetpack_feature_clip_id":0,"_jetpack_memberships_contains_paid_content":false,"footnotes":"","jetpack_publicize_message":"","jetpack_publicize_feature_enabled":true,"jetpack_social_post_already_shared":true,"jetpack_social_options":{"image_generator_settings":{"template":"highway","default_image_id":0,"font":"","enabled":false},"version":2},"jetpack_post_was_ever_published":false},"categories":[4],"tags":[65,1326,1763,135,31,1582,1432],"class_list":["post-10479","post","type-post","status-publish","format-standard","has-post-thumbnail","hentry","category-nacional","tag-andres-manuel-lopez-obrador","tag-cuarto-informe","tag-humanismo-mexicano","tag-marcha","tag-mexico","tag-plan-de-salud-para-el-bienestar","tag-zocalo"],"jetpack_publicize_connections":[],"jetpack_sharing_enabled":true,"publishpress_future_action":{"enabled":false,"date":"2026-09-07 23:30:28","action":"change-status","newStatus":"draft","terms":[],"taxonomy":"category","extraData":[]},"publishpress_future_workflow_manual_trigger":{"enabledWorkflows":[]},"jetpack_featured_media_url":"https:\/\/noticiasveracruz.com\/wp-content\/uploads\/2022\/11\/P-MARCHA-2.png","_links":{"self":[{"href":"https:\/\/noticiasveracruz.com\/index.php\/wp-json\/wp\/v2\/posts\/10479","targetHints":{"allow":["GET"]}}],"collection":[{"href":"https:\/\/noticiasveracruz.com\/index.php\/wp-json\/wp\/v2\/posts"}],"about":[{"href":"https:\/\/noticiasveracruz.com\/index.php\/wp-json\/wp\/v2\/types\/post"}],"author":[{"embeddable":true,"href":"https:\/\/noticiasveracruz.com\/index.php\/wp-json\/wp\/v2\/users\/4"}],"replies":[{"embeddable":true,"href":"https:\/\/noticiasveracruz.com\/index.php\/wp-json\/wp\/v2\/comments?post=10479"}],"version-history":[{"count":0,"href":"https:\/\/noticiasveracruz.com\/index.php\/wp-json\/wp\/v2\/posts\/10479\/revisions"}],"wp:attachment":[{"href":"https:\/\/noticiasveracruz.com\/index.php\/wp-json\/wp\/v2\/media?parent=10479"}],"wp:term":[{"taxonomy":"category","embeddable":true,"href":"https:\/\/noticiasveracruz.com\/index.php\/wp-json\/wp\/v2\/categories?post=10479"},{"taxonomy":"post_tag","embeddable":true,"href":"https:\/\/noticiasveracruz.com\/index.php\/wp-json\/wp\/v2\/tags?post=10479"}],"curies":[{"name":"wp","href":"https:\/\/api.w.org\/{rel}","templated":true}]}}