{"id":10448,"date":"2022-11-28T00:05:20","date_gmt":"2022-11-28T06:05:20","guid":{"rendered":"https:\/\/noticiasveracruz.com\/?p=10448"},"modified":"2022-11-27T23:04:06","modified_gmt":"2022-11-28T05:04:06","slug":"las-lecciones-de-boric","status":"publish","type":"post","link":"https:\/\/noticiasveracruz.com\/index.php\/2022\/11\/28\/las-lecciones-de-boric\/","title":{"rendered":"Las lecciones de Boric"},"content":{"rendered":"<p class=\"p1\">\n<p>&nbsp;<\/p>\n<p class=\"p1\"><span style=\"font-size: 18pt;\"><b>Por Ricardo Homs<\/b><\/span><\/p>\n<p class=\"p1\"><span style=\"font-size: 14pt;\">La visita del presidente de Chile Gabriel Boric nos deja varias lecciones. <\/span><span style=\"font-size: 14pt;\">La primera de ellas es la congruencia. No obstante, su inter\u00e9s en ser cort\u00e9s y cordial con su anfitri\u00f3n, -el presidente L\u00f3pez Obrador-, antepuso su congruencia con los principios b\u00e1sicos de la ideolog\u00eda de izquierda con cualquier otra consideraci\u00f3n.<\/span><\/p>\n<p class=\"p1\"><span style=\"font-size: 14pt;\">Su rechazo a la dictadura de Daniel Ortega la manifest\u00f3 con claridad en su visita al Congreso, donde exigi\u00f3 la libertad de los presos pol\u00edticos de Nicaragua. Su visita al Senado fue muy significativa, pues se sinti\u00f3 libre de fijar su propia postura frente a temas regionales, sin tener cerca a su anfitri\u00f3n. Recordemos que el gobierno de M\u00e9xico ha asumido una postura hip\u00f3crita frente a los abusos del dictador Ortega en Nicaragua, principalmente durante este sexenio.<\/span><\/p>\n<p class=\"p1\"><span style=\"font-size: 14pt;\">La tolerancia del gobierno obradorista frente a los cr\u00edmenes y el fraude que rodearon a las \u00faltimas elecciones presidenciales de Nicaragua, -del 7 de noviembre del 2021-, convierten a este gobierno en c\u00f3mplice. Simplemente mantenerse en el poder \u00e9l, -Daniel Ortega-,<span class=\"Apple-converted-space\">\u00a0 <\/span>y su esposa como vicepresidenta, durante 15 a\u00f1os y diez meses consecutivos, define la vocaci\u00f3n dictatorial de ese gobierno. Sin embargo, apoyar a Ortega y fustigar el recuerdo de Porfirio D\u00edaz muestran la incongruencia de nuestro gobierno y de nuestro presidente. Tan dictador fue D\u00edaz como hoy lo es Ortega. Entonces\u2026 -\u00bfNo deber\u00edan recibir el mismo trato?<\/span><\/p>\n<p class=\"p1\"><span style=\"font-size: 14pt;\">Tambi\u00e9n en la tribuna del Senado se\u00f1al\u00f3 el grave problema de la violencia contra las mujeres, el cual ha sido soslayado por este gobierno. <\/span><\/p>\n<p class=\"p1\"><span style=\"font-size: 14pt;\">En septiembre de este a\u00f1o ya se hab\u00eda manifestado denunciando \u201cun doble est\u00e1ndar\u201d, (o doble moral), de los gobiernos de izquierda de Latinoam\u00e9rica cuando se trata de juzgar los abusos de derechos humanos en nuestra regi\u00f3n, principalmente en Nicaragua y Venezuela.<\/span><\/p>\n<p class=\"p1\"><span style=\"font-size: 14pt;\">La segunda lecci\u00f3n es la que nos desmitifica la idea de una izquierda latinoamericana unida. Sin embargo, descubrimos la existencia de una \u201cizquierda ilustrada\u201d, -o educada-, a la que pertenecen Boric y<span class=\"Apple-converted-space\">\u00a0 <\/span>Michel Bachelet, por citar algunos, -as\u00ed como muchos intelectuales y acad\u00e9micos mexicanos, los cuales originalmente respaldaron el proyecto de la 4T, pero hoy se han deslindado,<span class=\"Apple-converted-space\">\u00a0 <\/span>considerando que se han traicionado los postulados originales, hasta que estos han sido sustituidos por una obsesi\u00f3n enfermiza por retener el poder al precio que fuere. <\/span><\/p>\n<p class=\"p1\"><span style=\"font-size: 14pt;\">El mismo Gibran Ram\u00edrez, el acad\u00e9mico y polit\u00f3logo morenista que contendi\u00f3 por la presidencia de su partido, reconoce p\u00fablicamente este cambio de prioridades. De la justicia social cuando los principales funcionarios de este gobierno eran oposici\u00f3n, hasta hoy que gobiernan y su prioridad se transform\u00f3 en la acumulaci\u00f3n de poder y control. Lo curioso es que esta \u201cizquierda bananera\u201d parece que sigue un gui\u00f3n previamente aprendido, pues las coincidencias se repiten, hasta en la palabrer\u00eda<\/span><\/p>\n<p class=\"p1\"><span style=\"font-size: 14pt;\">Por tanto, ha quedado claro que en Am\u00e9rica subsiste la verdadera izquierda, como la de Boric, comprometida con los ideales de la transformaci\u00f3n social, la cual persigue con verdadero compromiso con la justicia social.<\/span><\/p>\n<p class=\"p1\"><span style=\"font-size: 14pt;\">Por otra parte, la \u201cizquierda bananera\u201d, de vocaci\u00f3n dictatorial como la de Cuba, Venezuela, Nicaragua, Bolivia y quiz\u00e1 en menor grado Argentina, Per\u00fa y Ecuador.<\/span><\/p>\n<p class=\"p1\"><span style=\"font-size: 14pt;\">Quiz\u00e1 no lo hemos percibido a\u00fan pero esta visita de Gabriel Boric ser\u00e1 significativa, pues se le percibe un liderazgo e independencia que seguramente tendr\u00e1n consecuencias.<\/span><\/p>\n<p class=\"p1\"><span style=\"font-size: 14pt;\">Todo parece indicar que habr\u00e1 un distanciamiento entre ambas corrientes de izquierda, el cual podr\u00e1 darse desde varias intensidades.<\/span><\/p>\n<p>&nbsp;<\/p>\n<p>&nbsp;<\/p>\n<p class=\"p1\"><span style=\"font-size: 18pt;\"><strong>\u00bfA usted qu\u00e9 le parece?<\/strong><\/span><\/p>\n<p>&nbsp;<\/p>\n<p class=\"p1\"><span style=\"font-size: 18pt;\"><strong>Facebook:<a href=\"https:\/\/www.facebook.com\/Ricardo.Homs1\">@Ricardo.Homs1<\/a><\/strong><\/span><\/p>\n<p class=\"p1\"><span style=\"font-size: 18pt;\"><strong>Twitter:\u00a0<\/strong><a href=\"https:\/\/twitter.com\/homsricardo\"><strong>@homsricardo<\/strong><\/a><\/span><\/p>\n<p class=\"p1\"><span style=\"font-size: 18pt;\"><strong>Linkedin:\u00a0<a href=\"https:\/\/www.linkedin.com\/in\/ricardo-homs-3920449\/?originalSubdomain=mx\">RicardoHoms<\/a><\/strong><\/span><\/p>\n<p class=\"p1\"><span style=\"font-size: 18pt;\"><a href=\"https:\/\/ricardohoms.com\/\"><strong>www.ricardohoms.com<\/strong><\/a><\/span><\/p>\n<p>&nbsp;<\/p>\n<p><span style=\"font-size: 18pt; color: #e42d33;\"><em><strong>**Las columnas firmadas en este medio son responsabilidad de quienes las firman**<\/strong><\/em><\/span><\/p>\n<p>&nbsp;<\/p>\n","protected":false},"excerpt":{"rendered":"<p>&nbsp; Por Ricardo Homs La visita del presidente de Chile Gabriel Boric nos deja varias lecciones. La primera de ellas<\/p>\n","protected":false},"author":4,"featured_media":3190,"comment_status":"closed","ping_status":"closed","sticky":false,"template":"","format":"standard","meta":{"colormag_page_container_layout":"default_layout","colormag_page_sidebar_layout":"default_layout","_jetpack_memberships_contains_paid_content":false,"footnotes":"","jetpack_publicize_message":"","jetpack_publicize_feature_enabled":true,"jetpack_social_post_already_shared":true,"jetpack_social_options":{"image_generator_settings":{"template":"highway","default_image_id":0,"font":"","enabled":false},"version":2}},"categories":[6],"tags":[],"class_list":["post-10448","post","type-post","status-publish","format-standard","has-post-thumbnail","hentry","category-columnistas"],"jetpack_publicize_connections":[],"jetpack_featured_media_url":"https:\/\/noticiasveracruz.com\/wp-content\/uploads\/2022\/04\/NV-RICARDO-HOMS.png","jetpack_sharing_enabled":true,"publishpress_future_action":{"enabled":false,"date":"2026-05-06 10:56:39","action":"change-status","newStatus":"draft","terms":[],"taxonomy":"category","extraData":[]},"publishpress_future_workflow_manual_trigger":{"enabledWorkflows":[]},"_links":{"self":[{"href":"https:\/\/noticiasveracruz.com\/index.php\/wp-json\/wp\/v2\/posts\/10448","targetHints":{"allow":["GET"]}}],"collection":[{"href":"https:\/\/noticiasveracruz.com\/index.php\/wp-json\/wp\/v2\/posts"}],"about":[{"href":"https:\/\/noticiasveracruz.com\/index.php\/wp-json\/wp\/v2\/types\/post"}],"author":[{"embeddable":true,"href":"https:\/\/noticiasveracruz.com\/index.php\/wp-json\/wp\/v2\/users\/4"}],"replies":[{"embeddable":true,"href":"https:\/\/noticiasveracruz.com\/index.php\/wp-json\/wp\/v2\/comments?post=10448"}],"version-history":[{"count":0,"href":"https:\/\/noticiasveracruz.com\/index.php\/wp-json\/wp\/v2\/posts\/10448\/revisions"}],"wp:featuredmedia":[{"embeddable":true,"href":"https:\/\/noticiasveracruz.com\/index.php\/wp-json\/wp\/v2\/media\/3190"}],"wp:attachment":[{"href":"https:\/\/noticiasveracruz.com\/index.php\/wp-json\/wp\/v2\/media?parent=10448"}],"wp:term":[{"taxonomy":"category","embeddable":true,"href":"https:\/\/noticiasveracruz.com\/index.php\/wp-json\/wp\/v2\/categories?post=10448"},{"taxonomy":"post_tag","embeddable":true,"href":"https:\/\/noticiasveracruz.com\/index.php\/wp-json\/wp\/v2\/tags?post=10448"}],"curies":[{"name":"wp","href":"https:\/\/api.w.org\/{rel}","templated":true}]}}