{"id":10446,"date":"2022-11-28T00:05:36","date_gmt":"2022-11-28T06:05:36","guid":{"rendered":"https:\/\/noticiasveracruz.com\/?p=10446"},"modified":"2022-11-27T23:01:46","modified_gmt":"2022-11-28T05:01:46","slug":"dureza-extrema-contra-villanueva-regresara-a-prision","status":"publish","type":"post","link":"https:\/\/noticiasveracruz.com\/index.php\/2022\/11\/28\/dureza-extrema-contra-villanueva-regresara-a-prision\/","title":{"rendered":"Dureza extrema contra Villanueva: regresar\u00e1 a prisi\u00f3n"},"content":{"rendered":"<p>&nbsp;<\/p>\n<p class=\"p3\"><span style=\"font-size: 18pt;\"><b>Por Jos\u00e9 Ure\u00f1a<\/b><\/span><\/p>\n<p class=\"p3\"><span style=\"font-size: 14pt;\">Un error est\u00e1 a punto de regresar a prisi\u00f3n a Mario Villanueva. La justicia (\u00bf?) ha sido extrema con \u00e9l desde abril de 1999, cuando abandon\u00f3 la gubernatura de Quintana Roo sin entregarla a su sucesor, Joaqu\u00edn Hendricks. \u00bfPor qu\u00e9 las dudas?<\/span><\/p>\n<p class=\"p3\"><span style=\"font-size: 14pt;\">Sus procesos han estado plagados de errores y abusos, como encontr\u00f3 el juez de Manhattan Victor Barrero en su proceso de extradici\u00f3n. Sus problemas derivaron del enfrentamiento con Ernesto Zedillo.<\/span><\/p>\n<p class=\"p3\"><span style=\"font-size: 14pt;\">Vaya un testimonio personal: Villanueva desapareci\u00f3 el 2 de abril de 1999 para eludir la orden de aprehensi\u00f3n federal por supuestas ligas con el narcotr\u00e1fico, enriquecimiento il\u00edcito y al menos 12 cargos m\u00e1s.<\/span><\/p>\n<p class=\"p3\"><span style=\"font-size: 14pt;\">Justo ese d\u00eda, viernes 2 de abril, lo encontr\u00e9 en compa\u00f1\u00eda de su esposa Isabel Tenorio, su hijo Mario Villanueva Tenorio y la novia de \u00e9ste.<\/span><\/p>\n<p class=\"p3\"><span style=\"font-size: 14pt;\">-\u00bfCon qui\u00e9n comes? -me pregunt\u00f3 semioculto en una mesa del segundo piso, en una esquina del restaurante Cambalache de la calle Arqu\u00edmedes, en Polanco.<\/span><\/p>\n<p class=\"p3\"><span style=\"font-size: 14pt;\">-Creo que me dejaron plantado -ment\u00ed.<\/span><\/p>\n<p class=\"p3\"><span style=\"font-size: 14pt;\">-Pues si\u00e9ntate aqu\u00ed con nosotros\u2026 A ver, Mario \u2013 le dijo a su hijo -, c\u00e1mbiate a aquella mesa.<\/span><\/p>\n<p>&nbsp;<\/p>\n<p class=\"p3\"><span style=\"font-size: 18pt; color: #e42d33;\"><b>EL ENOJO DE ZEDILLO<\/b><\/span><\/p>\n<p class=\"p3\"><span style=\"font-size: 14pt;\">Quedamos solos los tres: Mario Villanueva Madrid, la se\u00f1ora Isabel Tenorio y yo.<\/span><\/p>\n<p class=\"p3\"><span style=\"font-size: 14pt;\">Tras frases amables, entr\u00e9 en el tema:<\/span><\/p>\n<p class=\"p3\"><span style=\"font-size: 14pt;\">-\u00bfListo para entregar el poder a Joaqu\u00edn Hendricks?<\/span><\/p>\n<p class=\"p3\"><span style=\"font-size: 14pt;\">-S\u00ed, \u00e9l gan\u00f3. Dej\u00f3 en el camino a Jorge Polanco y a Addy Joaqu\u00edn Coldwell\u2026 Cre\u00ed que Zedillo (Ernesto, a quien no llam\u00f3 Presidente) la escoger\u00eda a ella. Es un fen\u00f3meno.<\/span><\/p>\n<p class=\"p3\"><span style=\"font-size: 14pt;\">-El Presidente est\u00e1 furioso con usted -le dije m\u00e1s adelante.<\/span><\/p>\n<p class=\"p3\"><span style=\"font-size: 14pt;\">-S\u00ed\u2026 Puras venganzas. No me perdona que le haya quitado negocios a su familia. Construyeron miles de casas sin cumplir los requisitos de ley\u2026<\/span><\/p>\n<p class=\"p3\"><span style=\"font-size: 14pt;\">-\u00c9l le atribuye otros delitos: narcotr\u00e1fico en modalidad de prestar el estado de Quintana Roo para llevar droga de Centro y Sudam\u00e9rica a Estados Unidos\u2026<\/span><\/p>\n<p class=\"p3\"><span style=\"font-size: 14pt;\">-Eso no es cierto. A m\u00ed me pueden acusar de muchos delitos, pero no de ese. Muchos no est\u00e1n de acuerdo con mi Gobierno y por eso las venganzas\u2026<\/span><\/p>\n<p class=\"p3\"><span style=\"font-size: 14pt;\">No quiso hablar m\u00e1s.<\/span><\/p>\n<p class=\"p3\"><span style=\"font-size: 14pt;\">Pag\u00f3, nos despedimos y volv\u00ed a saber de \u00e9l cuando fue detenido en el poblado Alfredo V. Bonfil junto con Ramiro de la Rosa, famoso por su combatividad en el PRI a trav\u00e9s de la corriente Democracia 2000.<\/span><\/p>\n<p>&nbsp;<\/p>\n<p class=\"p3\"><span style=\"font-size: 18pt; color: #e42d33;\"><b>MARA NO HA CEDIDO<\/b><\/span><\/p>\n<p class=\"p3\"><span style=\"font-size: 14pt;\">Tras decenios de reclusi\u00f3n, Mario Villanueva Madrid no ve el fin de su tortura.<\/span><\/p>\n<p class=\"p3\"><span style=\"font-size: 14pt;\">Por su edad y su enfermedad, el exgobernador Carlos Joaqu\u00edn le concedi\u00f3 la prisi\u00f3n domiciliaria y \u00e9l escogi\u00f3 su famoso rancho El Mostrenco para atender amigos y a medios.<\/span><\/p>\n<p class=\"p3\"><span style=\"font-size: 14pt;\">Y precisamente estas declaraciones lo tienen ahora en problemas.<\/span><\/p>\n<p class=\"p3\"><span style=\"font-size: 14pt;\">Se lanz\u00f3 contra Carlos Joaqu\u00edn y por lo visto no tiene amistad con la gobernadora Mara Lezama, porque ella se resiste a permitirle purgar la condena en su casa.<\/span><\/p>\n<p class=\"p3\"><span style=\"font-size: 14pt;\">S\u00f3lo ella y nadie m\u00e1s tiene la llave bondadosa para abrir la puerta de la tranquilidad a este anciano de 74 a\u00f1os y salud feble.<\/span><\/p>\n<p class=\"p3\"><span style=\"font-size: 14pt;\">Como an\u00e9cdota quedar\u00e1 su apoyo a la candidatura de L\u00f3pez Obrador, pues puso su popularidad y la de su hijo -mantiene las simpat\u00edas tras ganar la gubernatura con 93% de los votos-, y ese apoyo fue factor para su prisi\u00f3n domiciliaria en veremos.<\/span><\/p>\n<p>&nbsp;<\/p>\n<p>&nbsp;<\/p>\n<p><span style=\"font-size: 18pt; color: #e42d33;\"><em><strong>**Las columnas firmadas en este medio son responsabilidad de quienes las firman**<\/strong><\/em><\/span><\/p>\n<p>&nbsp;<\/p>\n<p>&nbsp;<\/p>\n<p>&nbsp;<\/p>\n","protected":false},"excerpt":{"rendered":"<p>&nbsp; Por Jos\u00e9 Ure\u00f1a Un error est\u00e1 a punto de regresar a prisi\u00f3n a Mario Villanueva. La justicia (\u00bf?) ha<\/p>\n","protected":false},"author":4,"featured_media":3258,"comment_status":"closed","ping_status":"closed","sticky":false,"template":"","format":"standard","meta":{"colormag_page_container_layout":"default_layout","colormag_page_sidebar_layout":"default_layout","_jetpack_memberships_contains_paid_content":false,"footnotes":"","jetpack_publicize_message":"","jetpack_publicize_feature_enabled":true,"jetpack_social_post_already_shared":true,"jetpack_social_options":{"image_generator_settings":{"template":"highway","default_image_id":0,"font":"","enabled":false},"version":2}},"categories":[6],"tags":[],"class_list":["post-10446","post","type-post","status-publish","format-standard","has-post-thumbnail","hentry","category-columnistas"],"jetpack_publicize_connections":[],"jetpack_featured_media_url":"https:\/\/noticiasveracruz.com\/wp-content\/uploads\/2022\/04\/JOSE\u0301-UREN\u0303A.png","jetpack_sharing_enabled":true,"publishpress_future_action":{"enabled":false,"date":"2026-05-06 09:27:15","action":"change-status","newStatus":"draft","terms":[],"taxonomy":"category","extraData":[]},"publishpress_future_workflow_manual_trigger":{"enabledWorkflows":[]},"_links":{"self":[{"href":"https:\/\/noticiasveracruz.com\/index.php\/wp-json\/wp\/v2\/posts\/10446","targetHints":{"allow":["GET"]}}],"collection":[{"href":"https:\/\/noticiasveracruz.com\/index.php\/wp-json\/wp\/v2\/posts"}],"about":[{"href":"https:\/\/noticiasveracruz.com\/index.php\/wp-json\/wp\/v2\/types\/post"}],"author":[{"embeddable":true,"href":"https:\/\/noticiasveracruz.com\/index.php\/wp-json\/wp\/v2\/users\/4"}],"replies":[{"embeddable":true,"href":"https:\/\/noticiasveracruz.com\/index.php\/wp-json\/wp\/v2\/comments?post=10446"}],"version-history":[{"count":0,"href":"https:\/\/noticiasveracruz.com\/index.php\/wp-json\/wp\/v2\/posts\/10446\/revisions"}],"wp:featuredmedia":[{"embeddable":true,"href":"https:\/\/noticiasveracruz.com\/index.php\/wp-json\/wp\/v2\/media\/3258"}],"wp:attachment":[{"href":"https:\/\/noticiasveracruz.com\/index.php\/wp-json\/wp\/v2\/media?parent=10446"}],"wp:term":[{"taxonomy":"category","embeddable":true,"href":"https:\/\/noticiasveracruz.com\/index.php\/wp-json\/wp\/v2\/categories?post=10446"},{"taxonomy":"post_tag","embeddable":true,"href":"https:\/\/noticiasveracruz.com\/index.php\/wp-json\/wp\/v2\/tags?post=10446"}],"curies":[{"name":"wp","href":"https:\/\/api.w.org\/{rel}","templated":true}]}}