{"id":10444,"date":"2022-11-28T00:05:18","date_gmt":"2022-11-28T06:05:18","guid":{"rendered":"https:\/\/noticiasveracruz.com\/?p=10444"},"modified":"2022-11-27T22:59:09","modified_gmt":"2022-11-28T04:59:09","slug":"el-mega-peculado-traducido-en-marcha","status":"publish","type":"post","link":"https:\/\/noticiasveracruz.com\/index.php\/2022\/11\/28\/el-mega-peculado-traducido-en-marcha\/","title":{"rendered":"El mega peculado traducido en marcha"},"content":{"rendered":"<p class=\"p1\">\n<p>&nbsp;<\/p>\n<p class=\"p1\"><span style=\"font-size: 18pt;\"><b>Por Luis Ram\u00edrez Baqueiro<\/b><\/span><\/p>\n<p>&nbsp;<\/p>\n<p>&nbsp;<\/p>\n<p style=\"font-weight: 400; text-align: center;\"><span style=\"font-size: 18pt;\"><strong><em>\u201cDonde no hay sacrificio, no hay amor<\/em><em>\u201d<\/em><\/strong><\/span><\/p>\n<p style=\"font-weight: 400; text-align: center;\"><span style=\"font-size: 18pt;\"> \u2013\u00a0Adolfo Kolping \u2013\u00a0<\/span><\/p>\n<p style=\"font-weight: 400;\"><strong>\u00a0<\/strong><\/p>\n<p>&nbsp;<\/p>\n<p class=\"p1\"><span style=\"font-size: 14pt;\">Los presidentes de M\u00e9xico a lo largo de su historia, han mostrado m\u00faltiples actitudes mesi\u00e1nicas, caprichos banales que van desde utilizar el Buque Escuela Cuauht\u00e9moc como gran yate para pasear a la pareja consorte \u2013en turno- caso de Rosa Luz Alegr\u00eda en tiempos de Jos\u00e9 L\u00f3pez Portillo, hasta el m\u00e1s reciente, mandarse a realizar una megamarcha de apoyo.<\/span><\/p>\n<p class=\"p1\"><span style=\"font-size: 14pt;\">La contramarcha efectuada este domingo en la Ciudad de M\u00e9xico es la evidencia de que ese M\u00e9xico no se ha ido, ni se ir\u00e1 jam\u00e1s, del que necesita arropar a sus hijos, porque si no lo hace, se sienten en la orfandad.<\/span><\/p>\n<p class=\"p1\"><span style=\"font-size: 14pt;\">Aunque los hijos se quejan y lamentan de haber sido llevados a la fuerza, bajo amenaza, cuando las miles de evidencias est\u00e1n al alcance del Facebook y los v\u00eddeos del acarreo, la movilizaci\u00f3n y por ende el dispendio est\u00e1n ah\u00ed como prueba fehaciente.<\/span><\/p>\n<p class=\"p1\"><span style=\"font-size: 14pt;\">Pero eso no importa, cu\u00e1ntos millones de pesos pudieron haberse desviado bajo el delito de peculado, mil, dos mil millones para pagar la incontable cantidad de autobuses que de cientos de destinos arribaron a la capital del pa\u00eds.<\/span><\/p>\n<p class=\"p1\"><span style=\"font-size: 14pt;\">Los costos iban desde los 5 mil pesos hasta los 70 mil pesos por autob\u00fas, todo depend\u00eda el origen del mismo, y claro, de la mano de ello, lleg\u00f3 la cargada de tortas, frutsis y cuanta dem\u00e1s chucher\u00eda para entretener la tripa, porque es parte del rito.<\/span><\/p>\n<p class=\"p1\"><span style=\"font-size: 14pt;\">Ese ritual del mitin, del que solo como \u00fanico usufructuario existe un l\u00edder, el gran l\u00edder moral, el unificador de todas las mentes perturbadas, en pretender ver a M\u00e9xico como dos naciones, los fif\u00eds o conservadores, y los chairos o liberales.<\/span><\/p>\n<p class=\"p1\"><span style=\"font-size: 14pt;\">Libertario de sus propios demonios, el presidente Andr\u00e9s Manuel L\u00f3pez Obrador se recarga de energ\u00eda, porque eso no lo entiende el pueblo, su enojo y encon\u00f3, son la fuente de su fortaleza, de donde proviene su energ\u00eda.<\/span><\/p>\n<p class=\"p1\"><span style=\"font-size: 14pt;\">Y qu\u00e9 mejor que marchar, si marchar con las huestes encabronadas por venir, arengadas a producto de gallina, para que con esa energ\u00eda, tome la gran plaza, esa la de los grandes sacrificios, esa en la que los antiguos mexicas, adoraban a sus dioses, esas que te\u00f1idas de rojo lavaban los pecados capitales del pueblo desobediente que deb\u00eda pagar sus culpas por ir contra sus sagradas voluntades.<\/span><\/p>\n<p class=\"p1\"><span style=\"font-size: 14pt;\">As\u00ed el presidente L\u00f3pez Obrador, alentado por sus corcholatas, arrib\u00f3 a la plaza, con fotograf\u00edas sumamente cuidadas del evento, no muestran tomas \u00e1reas, porque se ver\u00e1 la cargada, se har\u00e1 evidente la movilizaci\u00f3n, se escucha decir.<\/span><\/p>\n<p class=\"p1\"><span style=\"font-size: 14pt;\">Pero qu\u00e9 importa si Claudia Sheimbaum -su consentida- informa al pueblo de M\u00e9xico que m\u00e1s de un mill\u00f3n 400 mil salieron a desfilar en la m\u00e1s c\u00ednica y burlesca manifestaci\u00f3n de apoyo.<\/span><\/p>\n<p class=\"p1\"><span style=\"font-size: 14pt;\">Qu\u00e9 importa ir contra la Constituci\u00f3n al oficializar el \u201cmega peculado\u201d en una marcha aun cuando la misma definici\u00f3n diga que es un delito que consiste en el hurto de caudales del erario, cometido por aquel a quien est\u00e1 confiada su administraci\u00f3n.<\/span><\/p>\n<p class=\"p1\"><span style=\"font-size: 14pt;\">\u00bfCu\u00e1nto, c\u00f3mo, porqu\u00e9 y de d\u00f3nde sali\u00f3 el recurso para pagar la mega movilizaci\u00f3n? <\/span><span style=\"font-size: 14pt;\">\u00bfO usted qu\u00e9 opina? <\/span><\/p>\n<p>&nbsp;<\/p>\n<p>&nbsp;<\/p>\n<p class=\"p1\"><strong><span style=\"font-size: 18pt;\">Al tiempo.<\/span><\/strong><\/p>\n<p>&nbsp;<\/p>\n<p class=\"p1\"><span style=\"font-size: 18pt;\"><strong>Correo: <a href=\"mailto:astrolabiopoliticomx@gmail.com\">astrolabiopoliticomx@gmail.com<\/a><\/strong><\/span><\/p>\n<p class=\"p1\"><span style=\"font-size: 18pt;\"><strong>Twitter: <a href=\"http:\/\/www.twitter.com\/LuisBaqueiro_mx\">@LuisBaqueiro_mx<\/a><\/strong><\/span><\/p>\n<p>&nbsp;<\/p>\n<p><span style=\"font-size: 18pt; color: #e42d33;\"><em><strong>**Las columnas firmadas en este medio son responsabilidad de quienes las firman**<\/strong><\/em><\/span><\/p>\n<p>&nbsp;<\/p>\n<p>&nbsp;<\/p>\n<p>&nbsp;<\/p>\n<p>&nbsp;<\/p>\n<p>&nbsp;<\/p>\n","protected":false},"excerpt":{"rendered":"<p>&nbsp; Por Luis Ram\u00edrez Baqueiro &nbsp; &nbsp; \u201cDonde no hay sacrificio, no hay amor\u201d \u2013\u00a0Adolfo Kolping \u2013\u00a0 \u00a0 &nbsp; Los<\/p>\n","protected":false},"author":4,"featured_media":3572,"comment_status":"closed","ping_status":"closed","sticky":false,"template":"","format":"standard","meta":{"colormag_page_container_layout":"default_layout","colormag_page_sidebar_layout":"default_layout","_jetpack_memberships_contains_paid_content":false,"footnotes":"","jetpack_publicize_message":"","jetpack_publicize_feature_enabled":true,"jetpack_social_post_already_shared":true,"jetpack_social_options":{"image_generator_settings":{"template":"highway","default_image_id":0,"font":"","enabled":false},"version":2}},"categories":[6],"tags":[],"class_list":["post-10444","post","type-post","status-publish","format-standard","has-post-thumbnail","hentry","category-columnistas"],"jetpack_publicize_connections":[],"jetpack_featured_media_url":"https:\/\/noticiasveracruz.com\/wp-content\/uploads\/2022\/04\/LUIS-RAMI\u0301REZ-BAQUEIRO.png","jetpack_sharing_enabled":true,"publishpress_future_action":{"enabled":false,"date":"2026-05-07 07:56:38","action":"change-status","newStatus":"draft","terms":[],"taxonomy":"category","extraData":[]},"publishpress_future_workflow_manual_trigger":{"enabledWorkflows":[]},"_links":{"self":[{"href":"https:\/\/noticiasveracruz.com\/index.php\/wp-json\/wp\/v2\/posts\/10444","targetHints":{"allow":["GET"]}}],"collection":[{"href":"https:\/\/noticiasveracruz.com\/index.php\/wp-json\/wp\/v2\/posts"}],"about":[{"href":"https:\/\/noticiasveracruz.com\/index.php\/wp-json\/wp\/v2\/types\/post"}],"author":[{"embeddable":true,"href":"https:\/\/noticiasveracruz.com\/index.php\/wp-json\/wp\/v2\/users\/4"}],"replies":[{"embeddable":true,"href":"https:\/\/noticiasveracruz.com\/index.php\/wp-json\/wp\/v2\/comments?post=10444"}],"version-history":[{"count":0,"href":"https:\/\/noticiasveracruz.com\/index.php\/wp-json\/wp\/v2\/posts\/10444\/revisions"}],"wp:featuredmedia":[{"embeddable":true,"href":"https:\/\/noticiasveracruz.com\/index.php\/wp-json\/wp\/v2\/media\/3572"}],"wp:attachment":[{"href":"https:\/\/noticiasveracruz.com\/index.php\/wp-json\/wp\/v2\/media?parent=10444"}],"wp:term":[{"taxonomy":"category","embeddable":true,"href":"https:\/\/noticiasveracruz.com\/index.php\/wp-json\/wp\/v2\/categories?post=10444"},{"taxonomy":"post_tag","embeddable":true,"href":"https:\/\/noticiasveracruz.com\/index.php\/wp-json\/wp\/v2\/tags?post=10444"}],"curies":[{"name":"wp","href":"https:\/\/api.w.org\/{rel}","templated":true}]}}