{"id":10430,"date":"2022-11-25T16:13:05","date_gmt":"2022-11-25T22:13:05","guid":{"rendered":"https:\/\/noticiasveracruz.com\/?p=10430"},"modified":"2022-11-25T19:27:05","modified_gmt":"2022-11-26T01:27:05","slug":"honduras-republica-dominicana-el-salvador-bolivia-y-brasil-paises-mas-inseguros-para-las-mujeres","status":"publish","type":"post","link":"https:\/\/noticiasveracruz.com\/index.php\/2022\/11\/25\/honduras-republica-dominicana-el-salvador-bolivia-y-brasil-paises-mas-inseguros-para-las-mujeres\/","title":{"rendered":"Honduras, Rep\u00fablica Dominicana, El Salvador, Bolivia y Brasil, pa\u00edses m\u00e1s inseguros para las mujeres"},"content":{"rendered":"<p>&nbsp;<\/p>\n<p class=\"p1\"><span style=\"font-size: 14pt;\"><em><strong>NUEVA YORK, EU.<\/strong> <\/em>En toda la regi\u00f3n, incluido el Caribe, <strong><span style=\"color: #e42d33;\">12 mujeres son asesinadas al d\u00eda por raz\u00f3n de g\u00e9ner<\/span>o<\/strong>. La estrategia para enfrentar de forma urgente esta pandemia en la sombra debe basarse en cuatro pilares: financiamiento, prevenci\u00f3n, respuesta p\u00fablica y sistemas de informaci\u00f3n.\u00a0<\/span><\/p>\n<p class=\"p1\"><span style=\"font-size: 18pt;\"><strong>En 2021, al menos 4473 mujeres fueron v\u00edctimas asesinadas en Am\u00e9rica Latina y el Caribe por razones de g\u00e9nero, seg\u00fan los\u00a0\u00faltimos datos oficiales\u00a0informados por los pa\u00edses al\u00a0Observatorio de Igualdad de G\u00e9nero de Am\u00e9rica Latina y el Caribe\u00a0(OIG) de la Comisi\u00f3n Econ\u00f3mica para Am\u00e9rica Latina y el Caribe (CEPAL).<\/strong><\/span><\/p>\n<p class=\"p1\"><span style=\"font-size: 18pt; color: #e42d33;\"><strong>Esa cifra representa al menos 12 muertes violentas de mujeres por raz\u00f3n de g\u00e9nero cada d\u00eda en la regi\u00f3n, alerta la instituci\u00f3n.<\/strong><\/span><\/p>\n<p>&nbsp;<\/p>\n<blockquote>\n<p class=\"p1\"><span style=\"font-size: 14pt;\">Desde hace una d\u00e9cada y media, los Estados de Am\u00e9rica Latina y el Caribe han reconocido la gravedad de la violencia feminicida y las muertes violentas de mujeres por raz\u00f3n de g\u00e9nero, lo que se ha expresado en la aprobaci\u00f3n de leyes y protocolos y en la construcci\u00f3n de institucionalidad espec\u00edfica\u201d, asegura el organismo de la ONU que destaca que \u201ca pesar de estos avances, el feminicidio persiste como una realidad y no se observan se\u00f1ales claras de que el fen\u00f3meno vaya en disminuci\u00f3n\u201d<\/span><\/p>\n<\/blockquote>\n<p>&nbsp;<\/p>\n<p><span style=\"font-size: 18pt; color: #e42d33;\"><strong>LOS CASOS DE FEMINICIDIOS<\/strong><\/span><\/p>\n<p class=\"p1\"><span style=\"font-size: 18pt;\"><strong>En 2021, de los 18 pa\u00edses o territorios de Am\u00e9rica Latina que proporcionaron informaci\u00f3n, 11 presentaban una tasa igual o superior a una v\u00edctima de feminicidio, tambi\u00e9n conocido como <span style=\"color: #e42d33;\">femicidio<\/span>, por cada 100,000 mujeres.<\/strong><\/span><\/p>\n<p class=\"p1\"><span style=\"font-size: 18pt; color: #e42d33;\"><strong>Las mayores tasas de feminicidio en Am\u00e9rica Latina se registraron en Honduras (4.6 casos por cada 100,000 mujeres), la Rep\u00fablica Dominicana (2.7 casos), El Salvador (2.4 casos), Bolivia (1.8 casos) y Brasil (1.7 casos).<\/strong><\/span><\/p>\n<p class=\"p1\"><span style=\"font-size: 14pt;\">En el Caribe, un total de 28 mujeres fueron v\u00edctimas de violencia letal de g\u00e9nero en 11 pa\u00edses y territorios que entregaron informaci\u00f3n correspondiente a 2021. Belice y Guyana presentaron las mayores tasas de femicidio o feminicidio en el Caribe, con 3.5 y 2.0 por cada 100,000 mujeres, respectivamente.<\/span><\/p>\n<p class=\"p1\"><span style=\"font-size: 18pt;\"><strong>Un reciente estudio de la ONU, mostraba que a nivel mundial el hogar es un lugar mortal para muchas mujeres y ni\u00f1as, ya que en todo el mundo cinco mujeres o ni\u00f1as son asesinadas cada hora por alguien de su propia familia.<\/strong><\/span><\/p>\n<p>&nbsp;<\/p>\n<p><img loading=\"lazy\" decoding=\"async\" class=\"aligncenter wp-image-13034 size-large\" src=\"https:\/\/politicosaldesnudo.com.mx\/wp-content\/uploads\/2022\/11\/P-VIOLENCIA-CEPAL-2-1024x573.png\" alt=\"\" width=\"800\" height=\"448\" \/><\/p>\n<p>&nbsp;<\/p>\n<blockquote>\n<p class=\"p1\"><span style=\"font-size: 14pt; font-family: -apple-system, BlinkMacSystemFont, 'Segoe UI', Roboto, Oxygen-Sans, Ubuntu, Cantarell, 'Helvetica Neue', sans-serif;\">Las cifras que hoy presentamos sobre femicidios en Am\u00e9rica Latina y el Caribe son inaceptables. Nuestra obligaci\u00f3n es redoblar esfuerzos para que las mujeres y ni\u00f1as de nuestra regi\u00f3n puedan ejercer verdaderamente su derecho a vivir una vida libre de violencia y discriminaci\u00f3n\u201d, dijo el secretario ejecutivo de la CEPAL, Jos\u00e9 Manuel Salazar-Xirinachs<\/span><\/p>\n<\/blockquote>\n<p>&nbsp;<\/p>\n<p class=\"p1\"><span style=\"font-size: 14pt;\">As\u00ed lo se\u00f1al\u00f3 en el marco del\u00a0<span class=\"s1\">D\u00eda Internacional de la Eliminaci\u00f3n de la Violencia contra la Mujer<\/span>\u00a0que se celebra cada 25 de noviembre y que da inicio a\u00a0<span class=\"s1\">16 d\u00edas de activismo<\/span>\u00a0hasta el 10 de diciembre, D\u00eda de los Derechos Humanos.<\/span><\/p>\n<p class=\"p1\"><span style=\"font-size: 18pt; color: #e42d33;\"><strong>En 10 pa\u00edses de Am\u00e9rica Latina, de los 18 analizados, las tasas de feminicidio se mantuvieron iguales o superiores a un caso por cada 100,000 mujeres entre 2019 y 2021: Argentina, Bolivia, Brasil, El Salvador, Guatemala, Honduras, M\u00e9xico, Paraguay, Rep\u00fablica Dominicana y Uruguay.<\/strong><\/span><\/p>\n<p class=\"p1\"><span style=\"font-size: 14pt;\">Las adolescentes y j\u00f3venes de entre 15 y 29 a\u00f1os componen el tramo etario en que se concentra la mayor proporci\u00f3n de mujeres asesinadas, de acuerdo con datos de 16 pa\u00edses y territorios de la regi\u00f3n entre 2019 y 2021. M\u00e1s de un 4% del total de esos delitos corresponden a ni\u00f1as menores de 14 a\u00f1os.<\/span><\/p>\n<p class=\"p1\"><span style=\"font-size: 18pt; color: #e42d33;\"><strong>Adem\u00e1s, en 2021 al menos 781 ni\u00f1as, ni\u00f1os y adolescentes y otros dependientes perdieron a su madre o cuidadora por esta causa en tan solo 10 pa\u00edses de la regi\u00f3n que cuentan con datos al respecto.<\/strong><\/span><\/p>\n<p>&nbsp;<\/p>\n<p>&nbsp;<\/p>\n","protected":false},"excerpt":{"rendered":"<p>&nbsp; NUEVA YORK, EU. En toda la regi\u00f3n, incluido el Caribe, 12 mujeres son asesinadas al d\u00eda por raz\u00f3n de g\u00e9nero. La estrategia para enfrentar de forma urgente esta pandemia en la sombra debe basarse en cuatro pilares: financiamiento, prevenci\u00f3n, respuesta p\u00fablica y sistemas de informaci\u00f3n.\u00a0 En 2021, al menos 4473 mujeres fueron v\u00edctimas asesinadas [&hellip;]<\/p>\n","protected":false},"author":4,"featured_media":10431,"comment_status":"closed","ping_status":"closed","sticky":false,"template":"","format":"standard","meta":{"_jetpack_newsletter_access":"","_jetpack_dont_email_post_to_subs":false,"_jetpack_newsletter_tier_id":0,"_jetpack_memberships_contains_paywalled_content":false,"_jetpack_feature_clip_id":0,"_jetpack_memberships_contains_paid_content":false,"footnotes":"","jetpack_publicize_message":"","jetpack_publicize_feature_enabled":true,"jetpack_social_post_already_shared":true,"jetpack_social_options":{"image_generator_settings":{"template":"highway","default_image_id":0,"font":"","enabled":false},"version":2},"jetpack_post_was_ever_published":false},"categories":[355],"tags":[765,1760,179,1761,140],"class_list":["post-10430","post","type-post","status-publish","format-standard","has-post-thumbnail","hentry","category-internacional","tag-america-latina","tag-cepal","tag-feminicidio","tag-mujeres-asesinadas","tag-violencia"],"jetpack_publicize_connections":[],"jetpack_sharing_enabled":true,"publishpress_future_action":{"enabled":false,"date":"2026-09-10 13:42:37","action":"change-status","newStatus":"draft","terms":[],"taxonomy":"category","extraData":[]},"publishpress_future_workflow_manual_trigger":{"enabledWorkflows":[]},"jetpack_featured_media_url":"https:\/\/noticiasveracruz.com\/wp-content\/uploads\/2022\/11\/P-VIOLENCIA-CEPAL-1.png","_links":{"self":[{"href":"https:\/\/noticiasveracruz.com\/index.php\/wp-json\/wp\/v2\/posts\/10430","targetHints":{"allow":["GET"]}}],"collection":[{"href":"https:\/\/noticiasveracruz.com\/index.php\/wp-json\/wp\/v2\/posts"}],"about":[{"href":"https:\/\/noticiasveracruz.com\/index.php\/wp-json\/wp\/v2\/types\/post"}],"author":[{"embeddable":true,"href":"https:\/\/noticiasveracruz.com\/index.php\/wp-json\/wp\/v2\/users\/4"}],"replies":[{"embeddable":true,"href":"https:\/\/noticiasveracruz.com\/index.php\/wp-json\/wp\/v2\/comments?post=10430"}],"version-history":[{"count":0,"href":"https:\/\/noticiasveracruz.com\/index.php\/wp-json\/wp\/v2\/posts\/10430\/revisions"}],"wp:featuredmedia":[{"embeddable":true,"href":"https:\/\/noticiasveracruz.com\/index.php\/wp-json\/wp\/v2\/media\/10431"}],"wp:attachment":[{"href":"https:\/\/noticiasveracruz.com\/index.php\/wp-json\/wp\/v2\/media?parent=10430"}],"wp:term":[{"taxonomy":"category","embeddable":true,"href":"https:\/\/noticiasveracruz.com\/index.php\/wp-json\/wp\/v2\/categories?post=10430"},{"taxonomy":"post_tag","embeddable":true,"href":"https:\/\/noticiasveracruz.com\/index.php\/wp-json\/wp\/v2\/tags?post=10430"}],"curies":[{"name":"wp","href":"https:\/\/api.w.org\/{rel}","templated":true}]}}