{"id":10392,"date":"2022-11-25T06:00:34","date_gmt":"2022-11-25T12:00:34","guid":{"rendered":"https:\/\/noticiasveracruz.com\/?p=10392"},"modified":"2022-11-25T06:54:58","modified_gmt":"2022-11-25T12:54:58","slug":"la-marcha-de-la-extorsion","status":"publish","type":"post","link":"https:\/\/noticiasveracruz.com\/index.php\/2022\/11\/25\/la-marcha-de-la-extorsion\/","title":{"rendered":"La marcha de la extorsi\u00f3n\u00a0"},"content":{"rendered":"<p>&nbsp;<\/p>\n<p class=\"p1\"><span style=\"font-size: 18pt;\"><strong>Por Aurelio Contreras Moreno<\/strong><\/span><\/p>\n<p class=\"p1\"><span style=\"font-size: 14pt;\">El \u201cdesfile\u201d que el presidente Andr\u00e9s Manuel L\u00f3pez Obrador se autoorganiza para autoglorificarse en el inicio de su quinto a\u00f1o de gobierno es, adem\u00e1s de un grosero y soez derroche de recursos p\u00fablicos \u2013se tirar\u00e1n millones en el acarreo de personas este domingo-, un intento desesperado por aferrarse a un poder que irremediablemente comenzar\u00e1 a desvanecerse.<\/span><\/p>\n<p class=\"p1\"><span style=\"font-size: 14pt;\">Las diversas encuestas y sondeos de opini\u00f3n a\u00fan le confieren una alta aceptaci\u00f3n, de cerca de 60 por ciento en promedio. Pero adem\u00e1s de que es un nivel que otros presidentes anteriores tambi\u00e9n tuvieron a estas mismas alturas de sus sexenios \u2013por ejemplo, Carlos Salinas de Gortari-, en el caso de L\u00f3pez Obrador se sostiene de algo a la vez tan poderoso como irregular: el dinero.<\/span><\/p>\n<p class=\"p1\"><span style=\"font-size: 14pt;\">Lo \u00fanico que explica la popularidad de L\u00f3pez Obrador a pesar de sus dislates, de su p\u00e9sima administraci\u00f3n, del da\u00f1o causado a la educaci\u00f3n, la ciencia y la salud, del encono que alienta todos los d\u00edas desde el p\u00falpito presidencial, de la violencia generalizada en todo el pa\u00eds, es la repartici\u00f3n de recursos p\u00fablicos a trav\u00e9s de sus \u201cprogramas sociales\u201d, en una exaltaci\u00f3n delirante y hasta energ\u00famena de una de las pr\u00e1cticas por excelencia del viejo r\u00e9gimen priista: el clientelismo. Al final del d\u00eda, se cumple aquello de que Morena es la \u201ccuarta transformaci\u00f3n\u201d\u2026 del PRI.<\/span><\/p>\n<p class=\"p1\"><span style=\"font-size: 14pt;\">El dinero a\u00fan no se acaba, as\u00ed que la popularidad presidencial se mantiene, aunque cada vez en m\u00e1s sectores que antes lo apoyaron incondicionalmente han comenzado a pintar su raya, a tomar distancia y algunos a romper abiertamente con el lopezobradorismo, ante la evidencia de que se trata de un r\u00e9gimen autoritario, antidemocr\u00e1tico y al que solo le falta ser represor\u2026 a nivel federal, porque en estados como Veracruz no han tenido ning\u00fan empacho en aplicar la \u201cley del garrote\u201d contra quien protesta, contra quien disiente y especialmente contra quien ejerce su derecho a opon\u00e9rsele pol\u00edticamente a un gobierno que disfruta siendo tan \u201cbananero\u201d como le sea posible.<\/span><\/p>\n<p class=\"p1\"><span style=\"font-size: 14pt;\">La marcha que el pasado domingo 13 de noviembre se celebr\u00f3 en unas 50 ciudades del pa\u00eds en defensa del Instituto Nacional Electoral y contra el bodrio de reforma electoral del presidente L\u00f3pez Obrador logr\u00f3 algo que seguramente no se propuso: sac\u00f3 de sus casillas al inquilino del palacio virreinal, aun cuando intentaron minimizarla con una muy intensa campa\u00f1a de propaganda y desinformaci\u00f3n a lo largo de \u00e9se y los d\u00edas subsecuentes.<\/span><\/p>\n<p class=\"p1\"><span style=\"font-size: 14pt;\">Y como hacen todos los reg\u00edmenes autoritarios, se llam\u00f3 de inmediato a un acto de \u201cdesagravio\u201d para quien se cree incuestionable: una marcha que no es marcha, pues no encierra reclamo ciudadano alguno. Un desfile de ostentaci\u00f3n del poder por el poder en el que con todos los recursos del Estado se buscar\u00e1 empeque\u00f1ecer la imagen de la avenida Reforma de la Ciudad de M\u00e9xico llena de tonos rosas y blancos, para sustituirla por la de una marejada de \u201ccamisas guindas\u201d, en un despliegue que no est\u00e1 lejos de las expresiones m\u00e1s fascistoides.<\/span><\/p>\n<p class=\"p1\"><span style=\"font-size: 14pt;\">Si bien habr\u00e1 muchas personas que a pesar de todo sigan creyendo en la \u201c4t\u201d y acudan por su propia voluntad, el acarreo es el arma fundamental para lograr el prop\u00f3sito de avasallar. Y como ya ha hecho antes el gobierno que se dec\u00eda \u201cdiferente\u201d a los que le precedieron, llevar\u00e1n gente por carretadas al primer cuadro de la Ciudad de M\u00e9xico desde todos los estados en los que gobierna Morena. A algunos les ofrecer\u00e1n refrigerios, bebidas y un \u201capoyito\u201d extra por las \u201cmolestias\u201d; a otros les condicionar\u00e1n permisos para trabajar y la entrega de sus becas y pensiones \u2013enga\u00f1\u00e1ndolos, porque \u00e9se es el ox\u00edgeno del que vive este gobierno-; y a una buena parte, a los empleados de los tres niveles de la administraci\u00f3n p\u00fablica controlados por Morena, los obligar\u00e1n a acudir y hasta a poner de su bolsa para llegar y acarrear a otros tantos, so pena de perder sus empleos.<\/span><\/p>\n<p class=\"p1\"><span style=\"font-size: 14pt;\">Eso es, por ejemplo, lo que sucede en la Secretar\u00eda de Desarrollo Social estatal en Veracruz y seguramente en todas las dem\u00e1s dependencias: a los trabajadores de confianza los \u201cinvitan\u201d a poner de su bolsa dos mil pesos y a los de contrato 500, para financiar la renta de camiones para el acarreo de bur\u00f3cratas. Adem\u00e1s de que deben ir a\u2026 fuerzas el domingo a la Ciudad de M\u00e9xico o se despiden de su trabajo.<\/span><\/p>\n<p class=\"p1\"><span style=\"font-size: 14pt;\">Ya lo dijo la semana pasada la \u201cmandam\u00e1s\u201d del Tribunal Superior de Justicia del Estado de Veracruz, la directora de Administraci\u00f3n Joana Marlen Bautista: \u201cen el Poder Judicial somos \u2018obradoristas\u2019 y muchos \u201cvan a querer ir\u201d a la marcha. Una extorsi\u00f3n en toda forma.<\/span><\/p>\n<p class=\"p1\"><span style=\"font-size: 14pt;\">Lo que va a pasar el domingo es previsible. L\u00f3pez Obrador sanar\u00e1 su ego herido con \u201camor comprado\u201d y retacar\u00e1 de gente el z\u00f3calo y todo el primer cuadro de la Ciudad de M\u00e9xico. Eso no cambiar\u00e1 el hecho de que una marcha ciudadana, sin recursos p\u00fablicos de por medio, hizo fracasar su embestida contra el sistema democr\u00e1tico del pa\u00eds, aunque \u00e9ste tampoco saldr\u00e1 inc\u00f3lume. Ser\u00e1 otra lucha que los ciudadanos habr\u00e1n de dar.<\/span><\/p>\n<p class=\"p1\"><span style=\"font-size: 14pt;\">La marcha de la extorsi\u00f3n tendr\u00e1 su espeluznante imagen color sangre seca inundando el z\u00f3calo. Pero a la legitimidad ya renunciaron.<\/span><\/p>\n<p>&nbsp;<\/p>\n<p>&nbsp;<\/p>\n<p class=\"p1\"><span style=\"font-size: 18pt;\"><strong>Correo: <a href=\"mailto:aureliocontreras@gmail.com\">aureliocontreras@gmail.com<\/a><\/strong><\/span><\/p>\n<p class=\"p1\"><span style=\"font-size: 18pt;\"><strong>Twitter: <a href=\"http:\/\/www.twitter.com\/yeyocontreras\">@yeyocontreras<\/a><\/strong><\/span><\/p>\n<p>&nbsp;<\/p>\n<p><span style=\"font-size: 18pt; color: #e42d33;\"><em><strong>**Las columnas firmadas en este medio son responsabilidad de quienes las firman**<\/strong><\/em><\/span><\/p>\n<p>&nbsp;<\/p>\n","protected":false},"excerpt":{"rendered":"<p>&nbsp; Por Aurelio Contreras Moreno El \u201cdesfile\u201d que el presidente Andr\u00e9s Manuel L\u00f3pez Obrador se autoorganiza para autoglorificarse en el<\/p>\n","protected":false},"author":4,"featured_media":3578,"comment_status":"closed","ping_status":"closed","sticky":false,"template":"","format":"standard","meta":{"colormag_page_container_layout":"default_layout","colormag_page_sidebar_layout":"default_layout","_jetpack_memberships_contains_paid_content":false,"footnotes":"","jetpack_publicize_message":"","jetpack_publicize_feature_enabled":true,"jetpack_social_post_already_shared":true,"jetpack_social_options":{"image_generator_settings":{"template":"highway","default_image_id":0,"font":"","enabled":false},"version":2}},"categories":[6],"tags":[],"class_list":["post-10392","post","type-post","status-publish","format-standard","has-post-thumbnail","hentry","category-columnistas"],"jetpack_publicize_connections":[],"jetpack_featured_media_url":"https:\/\/noticiasveracruz.com\/wp-content\/uploads\/2022\/04\/P-AURELIO-CONTRERAS.png","jetpack_sharing_enabled":true,"publishpress_future_action":{"enabled":false,"date":"2026-05-09 04:54:34","action":"change-status","newStatus":"draft","terms":[],"taxonomy":"category","extraData":[]},"publishpress_future_workflow_manual_trigger":{"enabledWorkflows":[]},"_links":{"self":[{"href":"https:\/\/noticiasveracruz.com\/index.php\/wp-json\/wp\/v2\/posts\/10392","targetHints":{"allow":["GET"]}}],"collection":[{"href":"https:\/\/noticiasveracruz.com\/index.php\/wp-json\/wp\/v2\/posts"}],"about":[{"href":"https:\/\/noticiasveracruz.com\/index.php\/wp-json\/wp\/v2\/types\/post"}],"author":[{"embeddable":true,"href":"https:\/\/noticiasveracruz.com\/index.php\/wp-json\/wp\/v2\/users\/4"}],"replies":[{"embeddable":true,"href":"https:\/\/noticiasveracruz.com\/index.php\/wp-json\/wp\/v2\/comments?post=10392"}],"version-history":[{"count":0,"href":"https:\/\/noticiasveracruz.com\/index.php\/wp-json\/wp\/v2\/posts\/10392\/revisions"}],"wp:featuredmedia":[{"embeddable":true,"href":"https:\/\/noticiasveracruz.com\/index.php\/wp-json\/wp\/v2\/media\/3578"}],"wp:attachment":[{"href":"https:\/\/noticiasveracruz.com\/index.php\/wp-json\/wp\/v2\/media?parent=10392"}],"wp:term":[{"taxonomy":"category","embeddable":true,"href":"https:\/\/noticiasveracruz.com\/index.php\/wp-json\/wp\/v2\/categories?post=10392"},{"taxonomy":"post_tag","embeddable":true,"href":"https:\/\/noticiasveracruz.com\/index.php\/wp-json\/wp\/v2\/tags?post=10392"}],"curies":[{"name":"wp","href":"https:\/\/api.w.org\/{rel}","templated":true}]}}