{"id":10295,"date":"2022-11-22T07:51:18","date_gmt":"2022-11-22T13:51:18","guid":{"rendered":"https:\/\/noticiasveracruz.com\/?p=10295"},"modified":"2022-11-22T07:51:54","modified_gmt":"2022-11-22T13:51:54","slug":"cuba-esta-de-luto-muere-a-los-79-anos-pablo-milanes","status":"publish","type":"post","link":"https:\/\/noticiasveracruz.com\/index.php\/2022\/11\/22\/cuba-esta-de-luto-muere-a-los-79-anos-pablo-milanes\/","title":{"rendered":"Cuba est\u00e1 de luto, muere a los 79 a\u00f1os Pablo Milanes"},"content":{"rendered":"<p>&nbsp;<\/p>\n<p class=\"p1\"><span style=\"font-size: 14pt;\"><em><strong>LA HABANA, CUBA.<\/strong><\/em> <strong>Pablo Milan\u00e9s<\/strong>, el baladista ganador del Grammy Latino <strong>que ayud\u00f3 a fundar el movimiento de la \u201cnueva trova\u201d en Cuba y recorri\u00f3 el mundo como embajador cultural de la revoluci\u00f3n de Fidel Castro, muri\u00f3 en Espa\u00f1a, donde hab\u00eda estado bajo tratamiento por c\u00e1ncer de la sangre. Ten\u00eda 79 a\u00f1os.<\/strong><\/span><\/p>\n<p class=\"p1\"><span style=\"font-size: 18pt;\"><strong>Uno de los cantautores cubanos de mayor proyecci\u00f3n internacional, grab\u00f3 decenas de discos y \u00e9xitos como \u201cYolanda\u201d, \u201cYo Me Quedo\u201d y \u201cAmo Esta Isla\u201d durante una carrera que dur\u00f3 m\u00e1s de cinco d\u00e9cadas.<\/strong><\/span><\/p>\n<p><span style=\"font-size: 18pt;\"><strong>El presidente de Cuba, Miguel D\u00edaz-Canel Tuite\u00f3 desde Rusia:\u00a0<\/strong><\/span><\/p>\n<blockquote class=\"twitter-tweet\" data-width=\"550\" data-dnt=\"true\">\n<p lang=\"es\" dir=\"ltr\">Ha muerto Pablo, leemos al despertar este martes en <a href=\"https:\/\/twitter.com\/hashtag\/Rusia?src=hash&amp;ref_src=twsrc%5Etfw\">#Rusia<\/a> y el dolor llega con la noticia.<\/p>\n<p>Desaparece f\u00edsicamente uno de nuestros m\u00e1s grandes m\u00fasicos. Voz inseparable de la banda sonora de nuestra generaci\u00f3n. <\/p>\n<p>Mis condolencias a su viuda e hijos, a <a href=\"https:\/\/twitter.com\/hashtag\/Cuba?src=hash&amp;ref_src=twsrc%5Etfw\">#Cuba<\/a>. <a href=\"https:\/\/t.co\/fZzJ0mqb1V\">pic.twitter.com\/fZzJ0mqb1V<\/a><\/p>\n<p>&mdash; Miguel D\u00edaz-Canel Berm\u00fadez (@DiazCanelB) <a href=\"https:\/\/twitter.com\/DiazCanelB\/status\/1594919717403246592?ref_src=twsrc%5Etfw\">November 22, 2022<\/a><\/p><\/blockquote>\n<p><script async src=\"https:\/\/platform.twitter.com\/widgets.js\" charset=\"utf-8\"><\/script><\/p>\n<p>&nbsp;<\/p>\n<p><span style=\"font-size: 18pt;\"><strong>El primer ministro de Cuba, Manuel Marrero se\u00f1al\u00f3 que la cultura de su pa\u00eds est\u00e1 de luto y envi\u00f3 un mensaje de condolencias a sus familiares y amigos.<\/strong><\/span><\/p>\n<p>&nbsp;<\/p>\n<blockquote class=\"twitter-tweet\" data-width=\"550\" data-dnt=\"true\">\n<p lang=\"es\" dir=\"ltr\">La cultura en <a href=\"https:\/\/twitter.com\/hashtag\/Cuba?src=hash&amp;ref_src=twsrc%5Etfw\">#Cuba<\/a> est\u00e1 de luto por el fallecimiento de Pablo Milan\u00e9s, reconocido cantautor cubano, uno de los fundadores del Movimiento de la Nueva Trova.<br \/>Llegue a sus familiares y amigos nuestras m\u00e1s sentidas condolencias. <a href=\"https:\/\/t.co\/lbjiTISjbg\">pic.twitter.com\/lbjiTISjbg<\/a><\/p>\n<p>&mdash; Manuel Marrero Cruz (@MMarreroCruz) <a href=\"https:\/\/twitter.com\/MMarreroCruz\/status\/1594899027711107072?ref_src=twsrc%5Etfw\">November 22, 2022<\/a><\/p><\/blockquote>\n<p><script async src=\"https:\/\/platform.twitter.com\/widgets.js\" charset=\"utf-8\"><\/script><\/p>\n<p>&nbsp;<\/p>\n<p class=\"p1\"><span style=\"font-size: 18pt; color: #e42d33;\"><strong>El cantautor cubano se encontraba hospitalizado desde el 13 de noviembre en una cl\u00ednica de la capital espa\u00f1ola con una inflamaci\u00f3n en la ves\u00edcula biliar y una infecci\u00f3n en el ri\u00f1\u00f3n, que lo oblig\u00f3 a cancelar varios conciertos.<\/strong><\/span><\/p>\n<p>&nbsp;<\/p>\n<p><span style=\"font-size: 18pt; color: #e42d33;\"><strong>LA VIDA DE PABLO<\/strong><\/span><\/p>\n<p class=\"p1\"><span style=\"font-size: 14pt;\">Pablo Milan\u00e9s naci\u00f3 el 24 de febrero de 1943 en la ciudad oriental de Bayamo, en lo que entonces era la provincia de Oriente, el menor de cinco hermanos nacidos de padres de clase trabajadora.\u00a0Su carrera musical comenz\u00f3 cantando en concursos locales de radio y televisi\u00f3n y, a menudo, ganando.<\/span><\/p>\n<p class=\"p1\"><span style=\"font-size: 18pt;\"><strong>Su familia se mud\u00f3 a la capital y estudi\u00f3 durante un tiempo en el Conservatorio Musical de La Habana durante la d\u00e9cada de 1950, pero atribuy\u00f3 a los m\u00fasicos de barrio m\u00e1s que a la formaci\u00f3n formal su primera inspiraci\u00f3n, junto con las tendencias de Estados Unidos y otros pa\u00edses.<\/strong><\/span><\/p>\n<p class=\"p1\"><span style=\"font-size: 14pt;\">A principios de los a\u00f1os 60 estuvo en varios grupos, incluido el Cuarteto del Rey, componiendo su primera canci\u00f3n en 1963: \u201cTu Mi Desengano\u201d, que hablaba de superar un amor perdido.<\/span><\/p>\n<p class=\"p1\"><span style=\"font-size: 18pt; color: #e42d33;\"><strong>\u201cTus besos no me importan porque tengo un nuevo amor\/ al que te prometo que le dar\u00e9 la vida\u201d, dice la melod\u00eda.<\/strong><\/span><\/p>\n<p class=\"p1\"><span style=\"font-size: 18pt;\"><strong>En 1970 escribi\u00f3 la canci\u00f3n de amor latinoamericana fundamental \u201cYolanda\u201d, que sigue siendo una de las favoritas en todas partes, desde los caf\u00e9s tur\u00edsticos de La Habana Vieja hasta las cantinas de la Ciudad de M\u00e9xico.<\/strong><\/span><\/p>\n<p>&nbsp;<\/p>\n<p><img loading=\"lazy\" decoding=\"async\" class=\"aligncenter wp-image-12873 size-large\" src=\"https:\/\/politicosaldesnudo.com.mx\/wp-content\/uploads\/2022\/11\/P-PABLO-MILANES-2-1024x573.png\" alt=\"\" width=\"800\" height=\"448\" \/><\/p>\n<p>&nbsp;<\/p>\n<p class=\"p1\"><span style=\"font-size: 18pt;\"><strong>En 2006, cuando Castro renunci\u00f3 a la presidencia debido a una enfermedad que amenazaba su vida, Milan\u00e9s se uni\u00f3 a otros destacados artistas e intelectuales para expresar su apoyo al gobierno.\u00a0Prometi\u00f3 representar a Castro y a Cuba \u201ccomo amerita este momento: con unidad y valent\u00eda ante cualquier amenaza o provocaci\u00f3n\u201d.<\/strong><\/span><\/p>\n<p class=\"p1\"><span style=\"font-size: 14pt;\">Sin embargo, no ten\u00eda miedo de decir lo que pensaba y ocasionalmente abog\u00f3 p\u00fablicamente por m\u00e1s libertad en la isla.<\/span><\/p>\n<p class=\"p1\"><span style=\"font-size: 18pt;\"><strong>En 2010 respald\u00f3 a un disidente en huelga de hambre que exig\u00eda la liberaci\u00f3n de los presos pol\u00edticos.\u00a0Los l\u00edderes cubanos que envejecen \u201cest\u00e1n atrapados en el tiempo\u201d, dijo Milan\u00e9s al diario espa\u00f1ol El Mundo.\u00a0\u201cLa historia debe avanzar con nuevas ideas y nuevos hombres\u201d.<\/strong><\/span><\/p>\n<p class=\"p1\"><span style=\"font-size: 14pt;\">Siempre pol\u00edtico, incluso cuando su tupido afro hab\u00eda dado paso a mechones grises y cada vez m\u00e1s recortados de forma m\u00e1s conservadora, en 2006 contribuy\u00f3 con la canci\u00f3n \u00abExodo\u00bb (\u00c9xodo), sobre amigos desaparecidos que se han ido a otras tierras, al \u00e1lbum \u00abSomos Americanos\u00bb. (We Are Americans), una compilaci\u00f3n de canciones de artistas estadounidenses y latinoamericanos sobre la inmigraci\u00f3n.<\/span><\/p>\n<p class=\"p1\"><span style=\"font-size: 18pt;\"><strong>Rodr\u00edguez y Milan\u00e9s tuvieron una pelea en la d\u00e9cada de 1980 por razones que no estaban claras y apenas se hablaban, aunque manten\u00edan un respeto mutuo y Rodr\u00edguez colabor\u00f3 musicalmente con la hija de Milan\u00e9s.<\/strong><\/span><\/p>\n<p class=\"p1\"><span style=\"font-size: 14pt;\">Milan\u00e9s cant\u00f3 en el \u00e1lbum de 1980 \u201cAmo esta isla\u201d que \u201csoy del Caribe y nunca podr\u00eda caminar en tierra firme\u201d;\u00a0sin embargo, dividi\u00f3 la mayor parte de su tiempo entre Espa\u00f1a y M\u00e9xico en a\u00f1os posteriores.<\/span><\/p>\n<p class=\"p1\"><span style=\"font-size: 18pt;\"><strong>Seg\u00fan su propio recuento, se someti\u00f3 a m\u00e1s de 20 cirug\u00edas en las piernas.<\/strong><\/span><\/p>\n<p class=\"p1\"><span style=\"font-size: 14pt;\">Milan\u00e9s gan\u00f3 dos premios Grammy Latinos en 2006: mejor \u00e1lbum de cantautor por \u201cComo un campo de ma\u00edz\u201d (Like a Cornfield) y mejor \u00e1lbum tropical tradicional por \u201cAM\/PM, Lineas Paralelas\u201d (AM\/PM, Parallel lines), un colaboraci\u00f3n con el salsero puertorrique\u00f1o Andy Montanez.<\/span><\/p>\n<p class=\"p1\"><span style=\"font-size: 18pt; color: #e42d33;\"><strong>Tambi\u00e9n gan\u00f3 numerosos honores cubanos, incluida la medalla Alejo Carpentier en 1982 y el Premio Nacional de M\u00fasica en 2005, y la medalla Haydee Santamar\u00eda en 2007 de la Casa de las Am\u00e9ricas por sus contribuciones a la cultura latinoamericana.<\/strong><\/span><\/p>\n<p>&nbsp;<\/p>\n<p>&nbsp;<\/p>\n<p>&nbsp;<\/p>\n","protected":false},"excerpt":{"rendered":"<p>&nbsp; LA HABANA, CUBA. Pablo Milan\u00e9s, el baladista ganador del Grammy Latino que ayud\u00f3 a fundar el movimiento de la<\/p>\n","protected":false},"author":4,"featured_media":10296,"comment_status":"closed","ping_status":"closed","sticky":false,"template":"","format":"standard","meta":{"colormag_page_container_layout":"default_layout","colormag_page_sidebar_layout":"default_layout","_jetpack_memberships_contains_paid_content":false,"footnotes":"","jetpack_publicize_message":"","jetpack_publicize_feature_enabled":true,"jetpack_social_post_already_shared":true,"jetpack_social_options":{"image_generator_settings":{"template":"highway","default_image_id":0,"font":"","enabled":false},"version":2}},"categories":[355],"tags":[372,1742,24,1741],"class_list":["post-10295","post","type-post","status-publish","format-standard","has-post-thumbnail","hentry","category-internacional","tag-cuba","tag-la-habana","tag-madrid","tag-pablo-milanes"],"jetpack_publicize_connections":[],"jetpack_featured_media_url":"https:\/\/noticiasveracruz.com\/wp-content\/uploads\/2022\/11\/P-PABLO-MILANES-1.png","jetpack_sharing_enabled":true,"publishpress_future_action":{"enabled":false,"date":"2026-05-01 22:36:17","action":"change-status","newStatus":"draft","terms":[],"taxonomy":"category","extraData":[]},"publishpress_future_workflow_manual_trigger":{"enabledWorkflows":[]},"_links":{"self":[{"href":"https:\/\/noticiasveracruz.com\/index.php\/wp-json\/wp\/v2\/posts\/10295","targetHints":{"allow":["GET"]}}],"collection":[{"href":"https:\/\/noticiasveracruz.com\/index.php\/wp-json\/wp\/v2\/posts"}],"about":[{"href":"https:\/\/noticiasveracruz.com\/index.php\/wp-json\/wp\/v2\/types\/post"}],"author":[{"embeddable":true,"href":"https:\/\/noticiasveracruz.com\/index.php\/wp-json\/wp\/v2\/users\/4"}],"replies":[{"embeddable":true,"href":"https:\/\/noticiasveracruz.com\/index.php\/wp-json\/wp\/v2\/comments?post=10295"}],"version-history":[{"count":0,"href":"https:\/\/noticiasveracruz.com\/index.php\/wp-json\/wp\/v2\/posts\/10295\/revisions"}],"wp:featuredmedia":[{"embeddable":true,"href":"https:\/\/noticiasveracruz.com\/index.php\/wp-json\/wp\/v2\/media\/10296"}],"wp:attachment":[{"href":"https:\/\/noticiasveracruz.com\/index.php\/wp-json\/wp\/v2\/media?parent=10295"}],"wp:term":[{"taxonomy":"category","embeddable":true,"href":"https:\/\/noticiasveracruz.com\/index.php\/wp-json\/wp\/v2\/categories?post=10295"},{"taxonomy":"post_tag","embeddable":true,"href":"https:\/\/noticiasveracruz.com\/index.php\/wp-json\/wp\/v2\/tags?post=10295"}],"curies":[{"name":"wp","href":"https:\/\/api.w.org\/{rel}","templated":true}]}}