{"id":10233,"date":"2022-11-21T00:20:01","date_gmt":"2022-11-21T06:20:01","guid":{"rendered":"https:\/\/noticiasveracruz.com\/?p=10233"},"modified":"2022-11-20T23:05:47","modified_gmt":"2022-11-21T05:05:47","slug":"ricardo-monreal-ensena-el-musculo-y-convoca-a-la-reconciliacion","status":"publish","type":"post","link":"https:\/\/noticiasveracruz.com\/index.php\/2022\/11\/21\/ricardo-monreal-ensena-el-musculo-y-convoca-a-la-reconciliacion\/","title":{"rendered":"Ricardo Monreal: ense\u00f1a el m\u00fasculo y convoca a la reconciliaci\u00f3n"},"content":{"rendered":"<p class=\"p1\">\n<p>&nbsp;<\/p>\n<p class=\"p1\"><span style=\"font-size: 18pt;\"><b>Por Ra\u00fal L\u00f3pez G\u00f3mez<\/b><\/span><\/p>\n<p class=\"p1\"><span style=\"font-size: 14pt;\">La polarizaci\u00f3n es veneno para nuestro pa\u00eds, expres\u00f3 el senador Ricardo Monreal al reunirse con cientos de sus seguidores.<\/span><\/p>\n<p class=\"p1\"><span style=\"font-size: 14pt;\">Se pronunci\u00f3 por evitar encender conflictos que conducen a la violencia. <\/span><\/p>\n<p class=\"p1\"><span style=\"font-size: 14pt;\">Dijo que, somos un pueblo de valores, respeto, inteligencia, creatividad y altura. <\/span><\/p>\n<p class=\"p1\"><span style=\"font-size: 14pt;\">Reconoci\u00f3, hay que Lograr un M\u00e9xico reconciliado, es necesario tener justicia social, y que todas y todos vivamos en igualdad, con piso parejo.<\/span><\/p>\n<p class=\"p1\"><span style=\"font-size: 14pt;\">En la Arena M\u00e9xico, en d\u00f3nde hubo muchas personas que se quedaron afuera, sin poder ingresar debido a que se abarrot\u00f3 el lugar, en donde el senador Ricardo Monreal, hizo un llamado a la reconciliaci\u00f3n, porque M\u00e9xico es un pueblo de valores, de inteligencia y de creatividad.<\/span><\/p>\n<p class=\"p1\"><span style=\"font-size: 14pt;\">Dijo, estar confiado en que juntos ser\u00e1 posible avanzar con un proyecto en el que la justicia social sea para todos.<\/span><\/p>\n<p class=\"p1\"><span style=\"font-size: 14pt;\">\u00bfSaben porque M\u00e9xico est\u00e1n grande y tan fuerte? por nuestra diversidad, respondi\u00f3.<\/span><\/p>\n<p class=\"p1\"><span style=\"font-size: 14pt;\">M\u00e9xico tiene tanto, posee una riqueza<span class=\"Apple-converted-space\">\u00a0 <\/span>impresionante en la diversidad de su gente. <\/span><\/p>\n<p class=\"p1\"><span style=\"font-size: 14pt;\">Destac\u00f3 en su mensaje, \u201cQuiero<span class=\"Apple-converted-space\">\u00a0 <\/span>decirles a ustedes no estamos solos, respondamos a cada provocaci\u00f3n con propuesta de reconciliaci\u00f3n\u201d.<\/span><\/p>\n<p class=\"p1\"><span style=\"font-size: 14pt;\">Consider\u00f3 que, \u201cconstruir y reconciliar, es m\u00e1s lento y requiere paciencia, tardaremos en volver a tenernos confianza\u201d.<\/span><\/p>\n<p class=\"p1\"><span style=\"font-size: 14pt;\">Indic\u00f3 que, \u201chay que estar preparados y preparar para ello toda nuestra energ\u00eda y toda nuestra fuerza\u201d. <\/span><\/p>\n<p class=\"p1\"><span style=\"font-size: 14pt;\">Se despidi\u00f3 emocionado de los cientos de seguiremos que le demostraron apoyo y solidaridad<span class=\"Apple-converted-space\">\u00a0 <\/span>al famoso Ricardo Monreal, ex gobernador de Zacatecas y l\u00edder de Morena en el Senado de la Rep\u00fablica: Qu\u00e9 viva M\u00e9xico, muchas gracias por su compa\u00f1\u00eda,<span class=\"Apple-converted-space\">\u00a0 <\/span>muchas gracias por su cari\u00f1o. Animo.<span class=\"Apple-converted-space\">\u00a0 <\/span>As\u00ed las cosas.<\/span><\/p>\n<p>&nbsp;<\/p>\n<p>&nbsp;<\/p>\n<p><span style=\"font-size: 18pt; color: #e42d33;\"><em><strong>**Las columnas firmadas en este medio son responsabilidad de quienes las firman**<\/strong><\/em><\/span><\/p>\n<p>&nbsp;<\/p>\n<p>&nbsp;<\/p>\n<p>&nbsp;<\/p>\n<p>&nbsp;<\/p>\n","protected":false},"excerpt":{"rendered":"<p>&nbsp; Por Ra\u00fal L\u00f3pez G\u00f3mez La polarizaci\u00f3n es veneno para nuestro pa\u00eds, expres\u00f3 el senador Ricardo Monreal al reunirse con cientos de sus seguidores. Se pronunci\u00f3 por evitar encender conflictos que conducen a la violencia. Dijo que, somos un pueblo de valores, respeto, inteligencia, creatividad y altura. Reconoci\u00f3, hay que Lograr un M\u00e9xico reconciliado, es [&hellip;]<\/p>\n","protected":false},"author":4,"featured_media":3560,"comment_status":"closed","ping_status":"closed","sticky":false,"template":"","format":"standard","meta":{"_jetpack_newsletter_access":"","_jetpack_dont_email_post_to_subs":false,"_jetpack_newsletter_tier_id":0,"_jetpack_memberships_contains_paywalled_content":false,"_jetpack_feature_clip_id":0,"_jetpack_memberships_contains_paid_content":false,"footnotes":"","jetpack_publicize_message":"","jetpack_publicize_feature_enabled":true,"jetpack_social_post_already_shared":true,"jetpack_social_options":{"image_generator_settings":{"template":"highway","default_image_id":0,"font":"","enabled":false},"version":2},"jetpack_post_was_ever_published":false},"categories":[6],"tags":[],"class_list":["post-10233","post","type-post","status-publish","format-standard","has-post-thumbnail","hentry","category-columnistas"],"jetpack_publicize_connections":[],"jetpack_sharing_enabled":true,"publishpress_future_action":{"enabled":false,"date":"2026-09-10 10:51:02","action":"change-status","newStatus":"draft","terms":[],"taxonomy":"category","extraData":[]},"publishpress_future_workflow_manual_trigger":{"enabledWorkflows":[]},"jetpack_featured_media_url":"https:\/\/noticiasveracruz.com\/wp-content\/uploads\/2022\/04\/NV-RAU\u0301L-LO\u0301PEZ.png","_links":{"self":[{"href":"https:\/\/noticiasveracruz.com\/index.php\/wp-json\/wp\/v2\/posts\/10233","targetHints":{"allow":["GET"]}}],"collection":[{"href":"https:\/\/noticiasveracruz.com\/index.php\/wp-json\/wp\/v2\/posts"}],"about":[{"href":"https:\/\/noticiasveracruz.com\/index.php\/wp-json\/wp\/v2\/types\/post"}],"author":[{"embeddable":true,"href":"https:\/\/noticiasveracruz.com\/index.php\/wp-json\/wp\/v2\/users\/4"}],"replies":[{"embeddable":true,"href":"https:\/\/noticiasveracruz.com\/index.php\/wp-json\/wp\/v2\/comments?post=10233"}],"version-history":[{"count":0,"href":"https:\/\/noticiasveracruz.com\/index.php\/wp-json\/wp\/v2\/posts\/10233\/revisions"}],"wp:featuredmedia":[{"embeddable":true,"href":"https:\/\/noticiasveracruz.com\/index.php\/wp-json\/wp\/v2\/media\/3560"}],"wp:attachment":[{"href":"https:\/\/noticiasveracruz.com\/index.php\/wp-json\/wp\/v2\/media?parent=10233"}],"wp:term":[{"taxonomy":"category","embeddable":true,"href":"https:\/\/noticiasveracruz.com\/index.php\/wp-json\/wp\/v2\/categories?post=10233"},{"taxonomy":"post_tag","embeddable":true,"href":"https:\/\/noticiasveracruz.com\/index.php\/wp-json\/wp\/v2\/tags?post=10233"}],"curies":[{"name":"wp","href":"https:\/\/api.w.org\/{rel}","templated":true}]}}