{"id":10224,"date":"2022-11-21T00:00:59","date_gmt":"2022-11-21T06:00:59","guid":{"rendered":"https:\/\/noticiasveracruz.com\/?p=10224"},"modified":"2022-11-20T22:56:22","modified_gmt":"2022-11-21T04:56:22","slug":"informe-y-futuro-del-cui","status":"publish","type":"post","link":"https:\/\/noticiasveracruz.com\/index.php\/2022\/11\/21\/informe-y-futuro-del-cui\/","title":{"rendered":"Informe y futuro del Cui"},"content":{"rendered":"<p>&nbsp;<\/p>\n<p class=\"p1\"><span style=\"font-size: 18pt;\"><b>Por Pepe Valencia<\/b><\/span><\/p>\n<p class=\"p1\"><span style=\"font-size: 14pt;\">Veracruzanos entrevistados este fin de semana ni siquiera se enteraron que acaba de rendir su cuarto informe el gobernador Cuitl\u00e1huac Garc\u00eda Jim\u00e9nez.<\/span><\/p>\n<p class=\"p1\"><span style=\"font-size: 14pt;\">Algunos expresaron que por los anuncios espectaculares suponen que hubo informe de gobierno.<\/span><\/p>\n<p class=\"p1\"><span style=\"font-size: 14pt;\">Tampoco supieron que Cuitl\u00e1huac dijo haber superado en obra p\u00fablica a dos<span class=\"Apple-converted-space\">\u00a0 <\/span>de los anteriores gobernadores juntos, Miguel \u00c1ngel Yunes Linares y Javier Duarte de Ochoa, y que los acus\u00f3 de haber robado dinero del pueblo.<\/span><\/p>\n<p class=\"p1\"><span style=\"font-size: 14pt;\">Para no ir muy lejos, pregunt\u00e9 a los entrevistados, seleccionados al azar, qu\u00e9 obras importantes hab\u00eda realizado el gobierno estatal actual en Xalapa y la respuesta fue que no lo saben.<\/span><\/p>\n<p class=\"p1\"><span style=\"font-size: 14pt;\">Presidentes y gobernadores del pasado tambi\u00e9n celebraban fiesta cada a\u00f1o con motivo de sus informes y hablaban de miles de millones de pesos invertidos en obras inexistentes. Hoy es lo mismo con la diferencia de que la gente est\u00e1 mejor informada y no cree en todo lo que proclaman los pol\u00edticos.<\/span><\/p>\n<p class=\"p1\"><span style=\"font-size: 14pt;\">En materia de seguridad p\u00fablica, Cuitl\u00e1huac tambi\u00e9n festej\u00f3 que la situaci\u00f3n ha mejorado. Pocos conceden cr\u00e9dito a sus palabras.<\/span><\/p>\n<p class=\"p1\"><span style=\"font-size: 14pt;\">Por lo visto el tren ligero anunciado por el gobernador Cuitl\u00e1huac Garc\u00eda Jim\u00e9nez tambi\u00e9n ha quedado en simple y alegre<span class=\"Apple-converted-space\">\u00a0 <\/span>promesa. Ser\u00eda el tramo Rafael Lucio-Banderilla-Xalapa-Coatepec.<\/span><\/p>\n<p class=\"p1\"><span style=\"font-size: 14pt;\">Para el presidente Andr\u00e9s Manuel L\u00f3pez Obrador, Cuitl\u00e1huac Garc\u00eda es el m\u00e1s honesto de los gobernadores que ha habido en Veracruz. Y sus adversarios, en cambio, lo consideran seguro candidato para ser encarcelado en el pr\u00f3ximo sexenio en caso de que Morena pierda las elecciones.<\/span><\/p>\n<p class=\"p1\"><span style=\"font-size: 14pt;\">Afirman que no s\u00f3lo el Cui ir\u00eda a prisi\u00f3n, sino tambi\u00e9n muchos de sus colaboradores por corrupci\u00f3n y otros delitos graves.<\/span><\/p>\n<p class=\"p1\"><span style=\"font-size: 14pt;\">Roc\u00edo Nahle o cualquiera que sea el candidato de Morena necesitar\u00e1 ganar, porque si triunfa uno de los Yunes del Estero, puede haber bote inminente<span class=\"Apple-converted-space\">\u00a0 <\/span>para Cuitl\u00e1huac y amigos. Miguel \u00c1ngel presume haber encerrado en Pacho Viejo a tres exgobernadores: Dante Delgado, Javier Duarte y Flavino R\u00edos. <\/span><\/p>\n<p class=\"p1\"><span style=\"font-size: 14pt;\">El futuro parece ominoso para Cuitl\u00e1huac. Podr\u00eda ser el cuarto preso distinguido gracias al brazo ejecutor del temido y temible Miyuli. \u00a1Aguas!<\/span><\/p>\n<p class=\"p1\"><span style=\"font-size: 14pt;\">Y es que despu\u00e9s de las marchas de domingo 13 en numerosas ciudades de la rep\u00fablica y en la CdMx, ha aumentado la percepci\u00f3n de que se acelera la cuenta regresiva y que los candidatos de Morena pueden perder las pr\u00f3ximas elecciones en el estado y a nivel nacional.<\/span><\/p>\n<p class=\"p1\"><span style=\"font-size: 14pt;\">Esperemos la otra megamarcha, la organizada por la 4T en apoyo del presidente Andr\u00e9s Manuel L\u00f3pez Obrador. <\/span><\/p>\n<p>&nbsp;<\/p>\n<p>&nbsp;<\/p>\n<p><span style=\"font-size: 18pt; color: #e42d33;\"><em><strong>**Las columnas firmadas en este medio son responsabilidad de quienes las firman**<\/strong><\/em><\/span><\/p>\n<p>&nbsp;<\/p>\n","protected":false},"excerpt":{"rendered":"<p>&nbsp; Por Pepe Valencia Veracruzanos entrevistados este fin de semana ni siquiera se enteraron que acaba de rendir su cuarto informe el gobernador Cuitl\u00e1huac Garc\u00eda Jim\u00e9nez. Algunos expresaron que por los anuncios espectaculares suponen que hubo informe de gobierno. Tampoco supieron que Cuitl\u00e1huac dijo haber superado en obra p\u00fablica a dos\u00a0 de los anteriores gobernadores [&hellip;]<\/p>\n","protected":false},"author":4,"featured_media":3786,"comment_status":"closed","ping_status":"closed","sticky":false,"template":"","format":"standard","meta":{"_jetpack_newsletter_access":"","_jetpack_dont_email_post_to_subs":false,"_jetpack_newsletter_tier_id":0,"_jetpack_memberships_contains_paywalled_content":false,"_jetpack_feature_clip_id":0,"_jetpack_memberships_contains_paid_content":false,"footnotes":"","jetpack_publicize_message":"","jetpack_publicize_feature_enabled":true,"jetpack_social_post_already_shared":true,"jetpack_social_options":{"image_generator_settings":{"template":"highway","default_image_id":0,"font":"","enabled":false},"version":2},"jetpack_post_was_ever_published":false},"categories":[6],"tags":[],"class_list":["post-10224","post","type-post","status-publish","format-standard","has-post-thumbnail","hentry","category-columnistas"],"jetpack_publicize_connections":[],"jetpack_sharing_enabled":true,"publishpress_future_action":{"enabled":false,"date":"2026-09-10 10:52:06","action":"change-status","newStatus":"draft","terms":[],"taxonomy":"category","extraData":[]},"publishpress_future_workflow_manual_trigger":{"enabledWorkflows":[]},"jetpack_featured_media_url":"https:\/\/noticiasveracruz.com\/wp-content\/uploads\/2022\/05\/PEPE-VALENCIA.png","_links":{"self":[{"href":"https:\/\/noticiasveracruz.com\/index.php\/wp-json\/wp\/v2\/posts\/10224","targetHints":{"allow":["GET"]}}],"collection":[{"href":"https:\/\/noticiasveracruz.com\/index.php\/wp-json\/wp\/v2\/posts"}],"about":[{"href":"https:\/\/noticiasveracruz.com\/index.php\/wp-json\/wp\/v2\/types\/post"}],"author":[{"embeddable":true,"href":"https:\/\/noticiasveracruz.com\/index.php\/wp-json\/wp\/v2\/users\/4"}],"replies":[{"embeddable":true,"href":"https:\/\/noticiasveracruz.com\/index.php\/wp-json\/wp\/v2\/comments?post=10224"}],"version-history":[{"count":0,"href":"https:\/\/noticiasveracruz.com\/index.php\/wp-json\/wp\/v2\/posts\/10224\/revisions"}],"wp:featuredmedia":[{"embeddable":true,"href":"https:\/\/noticiasveracruz.com\/index.php\/wp-json\/wp\/v2\/media\/3786"}],"wp:attachment":[{"href":"https:\/\/noticiasveracruz.com\/index.php\/wp-json\/wp\/v2\/media?parent=10224"}],"wp:term":[{"taxonomy":"category","embeddable":true,"href":"https:\/\/noticiasveracruz.com\/index.php\/wp-json\/wp\/v2\/categories?post=10224"},{"taxonomy":"post_tag","embeddable":true,"href":"https:\/\/noticiasveracruz.com\/index.php\/wp-json\/wp\/v2\/tags?post=10224"}],"curies":[{"name":"wp","href":"https:\/\/api.w.org\/{rel}","templated":true}]}}