{"id":10197,"date":"2022-11-19T07:27:14","date_gmt":"2022-11-19T13:27:14","guid":{"rendered":"https:\/\/noticiasveracruz.com\/?p=10197"},"modified":"2022-11-19T07:48:52","modified_gmt":"2022-11-19T13:48:52","slug":"tuxpan-cuenta-con-una-policia-certificada-y-calificada-al-servicio-de-la-ciudadania-jose-manuel-pozos","status":"publish","type":"post","link":"https:\/\/noticiasveracruz.com\/index.php\/2022\/11\/19\/tuxpan-cuenta-con-una-policia-certificada-y-calificada-al-servicio-de-la-ciudadania-jose-manuel-pozos\/","title":{"rendered":"Hoy Tuxpan cuenta con una polic\u00eda certificada y calificada al servicio de los ciudadanos: Jos\u00e9 Manuel Pozos"},"content":{"rendered":"<p>&nbsp;<\/p>\n<p class=\"p1\"><span style=\"font-size: 14pt;\"><em><strong>TUXPAN, VERACRUZ.<\/strong> <\/em>Realiza el <strong>Ayuntamiento de Tuxpan<\/strong> la <strong>entrega de uniformes nuevos a elementos de la Polic\u00eda Municipal<\/strong>, con el objetivo de mejorar las condiciones laborales de quienes integran esta corporaci\u00f3n. <\/span><\/p>\n<p class=\"p1\"><span style=\"font-size: 18pt; color: #e42d33;\"><strong>En su mensaje, el alcalde Jos\u00e9 Manuel Pozos indic\u00f3 que hoy Tuxpan cuenta con una polic\u00eda certificada y calificada que garantiza confianza y certidumbre a la sociedad, ya que est\u00e1 integrada por elementos profesionales comprometidos con la seguridad y el bienestar de la comunidad.<\/strong><\/span><\/p>\n<p><img loading=\"lazy\" decoding=\"async\" class=\"aligncenter wp-image-12767 size-large\" src=\"https:\/\/politicosaldesnudo.com.mx\/wp-content\/uploads\/2022\/11\/P-TUXPAN-POLICIAS-2-1024x573.png\" alt=\"\" width=\"800\" height=\"448\" \/><\/p>\n<p>&nbsp;<\/p>\n<p class=\"p1\"><span style=\"font-size: 14pt;\">Jos\u00e9 Manuel Pozos reconoci\u00f3 la labor de todos los polic\u00edas, as\u00ed como el gran respaldo brindado por la Secretar\u00eda de Marina, el Ej\u00e9rcito Mexicano, Guardia Nacional y la Secretar\u00eda de Seguridad P\u00fablica del Estado.<\/span><\/p>\n<p class=\"p1\"><span style=\"font-size: 18pt;\"><strong>Destac\u00f3 que en este primer a\u00f1o de gobierno se han mejorado las condiciones laborales, la infraestructura y el equipamiento; y se comprometi\u00f3 a que el apoyo continuar\u00e1 para que quienes integran esta corporaci\u00f3n tengan un mejor desempe\u00f1o al servir a nuestro municipio.<\/strong><\/span><\/p>\n<p><img loading=\"lazy\" decoding=\"async\" class=\"aligncenter wp-image-12769 size-large\" src=\"https:\/\/politicosaldesnudo.com.mx\/wp-content\/uploads\/2022\/11\/P-TUXPAN-POLICIAS-4-1024x573.png\" alt=\"\" width=\"800\" height=\"448\" \/><\/p>\n<p>&nbsp;<\/p>\n<blockquote>\n<p class=\"p1\"><span style=\"font-size: 14pt;\">Seguiremos impulsando la profesionalizaci\u00f3n, la actualizaci\u00f3n y especializaci\u00f3n de todos ustedes, porque la sociedad tuxpe\u00f1a se merece la mejor polic\u00eda\u2026 Esta es la nueva polic\u00eda, totalmente profesional, que tiene nuestro querido Tuxpan\u201d<\/span><\/p>\n<\/blockquote>\n<p>&nbsp;<\/p>\n<p class=\"p1\"><span style=\"font-size: 14pt;\">El polic\u00eda segundo Gustavo Ju\u00e1rez Castellanos agradeci\u00f3 -a nombre de todos los integrantes del cuerpo policial- al alcalde y dem\u00e1s integrantes del Cabildo y de la sociedad civil por la entrega de los uniformes.<\/span><\/p>\n<p>&nbsp;<\/p>\n<p><img loading=\"lazy\" decoding=\"async\" class=\"aligncenter wp-image-12766 size-large\" src=\"https:\/\/politicosaldesnudo.com.mx\/wp-content\/uploads\/2022\/11\/P-TUXPAN-POLICIAS-1-1024x573.png\" alt=\"\" width=\"800\" height=\"448\" \/><\/p>\n<p>&nbsp;<\/p>\n<p class=\"p1\"><span style=\"font-size: 18pt;\"><strong>Destacando Gustavo Ju\u00e1rez Castellanos que desde los primeros d\u00edas de esta administraci\u00f3n se han mejorado notablemente sus condiciones laborales, y que adem\u00e1s se les ha brindado la oportunidad de capacitarse y certificarse para servir mejor a la sociedad. <\/strong><\/span><\/p>\n<p class=\"p1\"><span style=\"font-size: 14pt;\">Dijo que es notable el inter\u00e9s de las autoridades por dignificar la carrera policial promoviendo un sentido de pertenencia y compromiso: \u201cEsto nos motiva a mejorar nuestro desempe\u00f1o y a no defraudar la confianza de la ciudadan\u00eda\u201d, expres\u00f3.<\/span><\/p>\n<p class=\"p1\"><span style=\"font-size: 18pt; color: #e42d33;\"><strong>Luego de entregar el nuevo equipamiento, las autoridades realizaron un recorrido por las instalaciones de la Inspecci\u00f3n de Polic\u00eda Municipal.<\/strong><\/span><\/p>\n<p>&nbsp;<\/p>\n<p><img loading=\"lazy\" decoding=\"async\" class=\"aligncenter wp-image-12771 size-large\" src=\"https:\/\/politicosaldesnudo.com.mx\/wp-content\/uploads\/2022\/11\/P-TUXPAN-POLICIAS-7-1024x573.png\" alt=\"\" width=\"800\" height=\"448\" \/><\/p>\n<p class=\"p1\"><span style=\"font-size: 14pt;\">La entrega estuvo presidida por el alcalde Jos\u00e9 Manuel Pozos Castro; el General Brigadier D.E.M. Fernando Antonio Solares Lammel, comandante de la 19\u00aa Zona Militar; el Contralmirante C.G.D.E.M. Juan Carlos Vera Salinas, comandante de la Quinta Zona Naval; el Contralmirante C.G.D.E.M. Oth\u00f3n Berlanga T\u00e9llez Gir\u00f3n, comandante de la Brigada Anfibia de la Infanter\u00eda de Marina del Golfo; el regidor Amado Guti\u00e9rrez Lima, comisionado en Polic\u00eda.<\/span><\/p>\n<p class=\"p1\"><span style=\"font-size: 14pt;\">El secretario de Seguridad P\u00fablica Municipal, capit\u00e1n de corbeta Guillermo Al\u00e1n V\u00e1zquez Guti\u00e9rrez; el director de la Polic\u00eda Municipal, teniente de Fragata de Infanter\u00eda de Marina Raymundo Torres Cruz, as\u00ed como representantes del sector empresarial de Tuxpan. <\/span><\/p>\n<p>&nbsp;<\/p>\n<p><img loading=\"lazy\" decoding=\"async\" class=\"aligncenter wp-image-12770 size-large\" src=\"https:\/\/politicosaldesnudo.com.mx\/wp-content\/uploads\/2022\/11\/P-TUXPAN-POLICIAS-6-1024x573.png\" alt=\"\" width=\"800\" height=\"448\" \/><\/p>\n<p>&nbsp;<\/p>\n<p>&nbsp;<\/p>\n<p>&nbsp;<\/p>\n<p>&nbsp;<\/p>\n<p>&nbsp;<\/p>\n","protected":false},"excerpt":{"rendered":"<p>&nbsp; TUXPAN, VERACRUZ. Realiza el Ayuntamiento de Tuxpan la entrega de uniformes nuevos a elementos de la Polic\u00eda Municipal, con el objetivo de mejorar las condiciones laborales de quienes integran esta corporaci\u00f3n. En su mensaje, el alcalde Jos\u00e9 Manuel Pozos indic\u00f3 que hoy Tuxpan cuenta con una polic\u00eda certificada y calificada que garantiza confianza y [&hellip;]<\/p>\n","protected":false},"author":4,"featured_media":10200,"comment_status":"closed","ping_status":"closed","sticky":false,"template":"","format":"standard","meta":{"_jetpack_newsletter_access":"","_jetpack_dont_email_post_to_subs":false,"_jetpack_newsletter_tier_id":0,"_jetpack_memberships_contains_paywalled_content":false,"_jetpack_feature_clip_id":0,"_jetpack_memberships_contains_paid_content":false,"footnotes":"","jetpack_publicize_message":"","jetpack_publicize_feature_enabled":true,"jetpack_social_post_already_shared":true,"jetpack_social_options":{"image_generator_settings":{"template":"highway","default_image_id":0,"font":"","enabled":false},"version":2},"jetpack_post_was_ever_published":false},"categories":[356],"tags":[701,1458,72,73],"class_list":["post-10197","post","type-post","status-publish","format-standard","has-post-thumbnail","hentry","category-veracruz","tag-jose-manuel-pozos","tag-policia-municipal","tag-tuxpan","tag-veracruz"],"jetpack_publicize_connections":[],"jetpack_sharing_enabled":true,"publishpress_future_action":{"enabled":false,"date":"2026-09-10 10:01:50","action":"change-status","newStatus":"draft","terms":[],"taxonomy":"category","extraData":[]},"publishpress_future_workflow_manual_trigger":{"enabledWorkflows":[]},"jetpack_featured_media_url":"https:\/\/noticiasveracruz.com\/wp-content\/uploads\/2022\/11\/P-TUXPAN-POLICIAS-3.png","_links":{"self":[{"href":"https:\/\/noticiasveracruz.com\/index.php\/wp-json\/wp\/v2\/posts\/10197","targetHints":{"allow":["GET"]}}],"collection":[{"href":"https:\/\/noticiasveracruz.com\/index.php\/wp-json\/wp\/v2\/posts"}],"about":[{"href":"https:\/\/noticiasveracruz.com\/index.php\/wp-json\/wp\/v2\/types\/post"}],"author":[{"embeddable":true,"href":"https:\/\/noticiasveracruz.com\/index.php\/wp-json\/wp\/v2\/users\/4"}],"replies":[{"embeddable":true,"href":"https:\/\/noticiasveracruz.com\/index.php\/wp-json\/wp\/v2\/comments?post=10197"}],"version-history":[{"count":0,"href":"https:\/\/noticiasveracruz.com\/index.php\/wp-json\/wp\/v2\/posts\/10197\/revisions"}],"wp:featuredmedia":[{"embeddable":true,"href":"https:\/\/noticiasveracruz.com\/index.php\/wp-json\/wp\/v2\/media\/10200"}],"wp:attachment":[{"href":"https:\/\/noticiasveracruz.com\/index.php\/wp-json\/wp\/v2\/media?parent=10197"}],"wp:term":[{"taxonomy":"category","embeddable":true,"href":"https:\/\/noticiasveracruz.com\/index.php\/wp-json\/wp\/v2\/categories?post=10197"},{"taxonomy":"post_tag","embeddable":true,"href":"https:\/\/noticiasveracruz.com\/index.php\/wp-json\/wp\/v2\/tags?post=10197"}],"curies":[{"name":"wp","href":"https:\/\/api.w.org\/{rel}","templated":true}]}}