{"id":10143,"date":"2022-11-17T16:21:13","date_gmt":"2022-11-17T22:21:13","guid":{"rendered":"https:\/\/noticiasveracruz.com\/?p=10143"},"modified":"2022-11-17T16:21:13","modified_gmt":"2022-11-17T22:21:13","slug":"este-viernes-primera-entrega-de-lentes-a-beneficiados-del-programa-de-salud-visual","status":"publish","type":"post","link":"https:\/\/noticiasveracruz.com\/index.php\/2022\/11\/17\/este-viernes-primera-entrega-de-lentes-a-beneficiados-del-programa-de-salud-visual\/","title":{"rendered":"Este viernes, primera entrega de lentes a beneficiados del Programa de Salud Visual"},"content":{"rendered":"<p class=\"p2\">\n<p class=\"p2\"><span style=\"font-size: 14pt;\"><em><strong>TUXPAN, VERACRUZ.<\/strong><\/em> Este viernes 18 de noviembre se <strong>realizar\u00e1 la primera entrega de lentes a personas que han sido beneficiadas dentro de la Jornada de Salud Visual<\/strong> que llevan a cabo el <strong>Ayuntamiento de Tuxpan<\/strong>, la s\u00edndica Beatriz Pi\u00f1a Vergara, el DIF Tuxpan y el Grupo \u00d3ptico Arreola.<\/span><\/p>\n<p class=\"p2\"><span style=\"font-size: 18pt;\"><strong>En la planta baja de la Presidencia Municipal, de las 10:00 a las 15:00 horas los ciudadanos que se practicaron el examen de la vista de manera gratuita recibir\u00e1n los anteojos que pudieron adquirir a muy bajo costo. <\/strong><\/span><\/p>\n<p class=\"p2\"><span style=\"font-size: 18pt; color: #e42d33;\"><strong>Quienes acudan a recoger sus lentes deben presentar su identificaci\u00f3n expedida por el INE y el comprobante de pago. <\/strong><\/span><\/p>\n<p class=\"p2\"><span style=\"font-size: 18pt;\"><strong>Debido a lo anterior, ma\u00f1ana no se aplicar\u00e1n ex\u00e1menes de la vista, ni se realizar\u00e1 la Jornada de Salud Integral, mismas que se reanudar\u00e1n el pr\u00f3ximo viernes 25 de noviembre.<\/strong><\/span><\/p>\n<p class=\"p2\"><span style=\"font-size: 14pt;\">De la misma manera los servicios de salud y la entrega de medicamentos por parte del DIF Tuxpan. <\/span><\/p>\n<p class=\"p2\"><span style=\"font-size: 18pt;\"><strong>Con estas Jornadas de Salud, el gobierno de Tuxpan busca mejorar la calidad de vida y el bienestar de la poblaci\u00f3n m\u00e1s vulnerable.<\/strong><\/span><\/p>\n<p>&nbsp;<\/p>\n<p><img loading=\"lazy\" decoding=\"async\" class=\"aligncenter wp-image-12706\" src=\"https:\/\/politicosaldesnudo.com.mx\/wp-content\/uploads\/2022\/11\/WhatsApp-Image-2022-11-17-at-12.42.54-PM-768x1024.jpeg\" alt=\"\" width=\"500\" height=\"667\" \/><\/p>\n<p>&nbsp;<\/p>\n<p>&nbsp;<\/p>\n<p>&nbsp;<\/p>\n<p>&nbsp;<\/p>\n","protected":false},"excerpt":{"rendered":"<p>TUXPAN, VERACRUZ. Este viernes 18 de noviembre se realizar\u00e1 la primera entrega de lentes a personas que han sido beneficiadas<\/p>\n","protected":false},"author":4,"featured_media":10144,"comment_status":"closed","ping_status":"closed","sticky":false,"template":"","format":"standard","meta":{"colormag_page_container_layout":"default_layout","colormag_page_sidebar_layout":"default_layout","_jetpack_memberships_contains_paid_content":false,"footnotes":"","jetpack_publicize_message":"","jetpack_publicize_feature_enabled":true,"jetpack_social_post_already_shared":true,"jetpack_social_options":{"image_generator_settings":{"template":"highway","default_image_id":0,"font":"","enabled":false},"version":2}},"categories":[356],"tags":[],"class_list":["post-10143","post","type-post","status-publish","format-standard","has-post-thumbnail","hentry","category-veracruz"],"jetpack_publicize_connections":[],"jetpack_featured_media_url":"https:\/\/noticiasveracruz.com\/wp-content\/uploads\/2022\/11\/P-ENTREGA-LENTES-TUXPAN.png","jetpack_sharing_enabled":true,"publishpress_future_action":{"enabled":false,"date":"2026-05-03 19:31:12","action":"change-status","newStatus":"draft","terms":[],"taxonomy":"category","extraData":[]},"publishpress_future_workflow_manual_trigger":{"enabledWorkflows":[]},"_links":{"self":[{"href":"https:\/\/noticiasveracruz.com\/index.php\/wp-json\/wp\/v2\/posts\/10143","targetHints":{"allow":["GET"]}}],"collection":[{"href":"https:\/\/noticiasveracruz.com\/index.php\/wp-json\/wp\/v2\/posts"}],"about":[{"href":"https:\/\/noticiasveracruz.com\/index.php\/wp-json\/wp\/v2\/types\/post"}],"author":[{"embeddable":true,"href":"https:\/\/noticiasveracruz.com\/index.php\/wp-json\/wp\/v2\/users\/4"}],"replies":[{"embeddable":true,"href":"https:\/\/noticiasveracruz.com\/index.php\/wp-json\/wp\/v2\/comments?post=10143"}],"version-history":[{"count":0,"href":"https:\/\/noticiasveracruz.com\/index.php\/wp-json\/wp\/v2\/posts\/10143\/revisions"}],"wp:featuredmedia":[{"embeddable":true,"href":"https:\/\/noticiasveracruz.com\/index.php\/wp-json\/wp\/v2\/media\/10144"}],"wp:attachment":[{"href":"https:\/\/noticiasveracruz.com\/index.php\/wp-json\/wp\/v2\/media?parent=10143"}],"wp:term":[{"taxonomy":"category","embeddable":true,"href":"https:\/\/noticiasveracruz.com\/index.php\/wp-json\/wp\/v2\/categories?post=10143"},{"taxonomy":"post_tag","embeddable":true,"href":"https:\/\/noticiasveracruz.com\/index.php\/wp-json\/wp\/v2\/tags?post=10143"}],"curies":[{"name":"wp","href":"https:\/\/api.w.org\/{rel}","templated":true}]}}