{"id":10139,"date":"2022-11-17T15:48:17","date_gmt":"2022-11-17T21:48:17","guid":{"rendered":"https:\/\/noticiasveracruz.com\/?p=10139"},"modified":"2022-11-17T16:32:50","modified_gmt":"2022-11-17T22:32:50","slug":"siempre-si-van-juntos-pan-pri-y-prd-anuncian-alianza-para-2023-en-edomex","status":"publish","type":"post","link":"https:\/\/noticiasveracruz.com\/index.php\/2022\/11\/17\/siempre-si-van-juntos-pan-pri-y-prd-anuncian-alianza-para-2023-en-edomex\/","title":{"rendered":"Siempre no van solos, PAN, PRI y PRD anuncian alianza para 2023 en el Estado de M\u00e9xico [Video]"},"content":{"rendered":"<p>&nbsp;<\/p>\n<p class=\"p1\"><span style=\"font-size: 14pt;\"><em><strong>TOLUCA, EDOMEX.<\/strong><\/em> Las <strong>dirigencias estatales del PAN, PRI y PRD<\/strong> anunciaron el inicio formal de las negociaciones para concretar una <strong>alianza electoral para enfrentar los comicios de 2023 en los que estar\u00e1 en juego la gubernatura mexiquense<\/strong>, con el objetivo fundamental de <strong>\u201cimpedir que la Cuarta Transformaci\u00f3n se instale en el Estado de M\u00e9xico\u201d.<\/strong><\/span><\/p>\n<p class=\"p1\"><span style=\"font-size: 14pt;\">En conferencia los dirigentes de los tres partidos aseguraron que cada fuerza pol\u00edtica nombr\u00f3 a un equipo t\u00e9cnico jur\u00eddico para construir la alianza, la cual debe ser registrada ante el Instituto Electoral del Estado de M\u00e9xico a m\u00e1s tardar el 14 de enero, si es bajo la figura de la coalici\u00f3n y el 19 de enero si el acuerdo es bajo la candidatura com\u00fan.<\/span><\/p>\n<p>&nbsp;<\/p>\n<p><span style=\"font-size: 18pt; color: #e42d33;\"><strong>PRI<\/strong><\/span><\/p>\n<p class=\"p1\"><span style=\"font-size: 18pt;\"><strong>Eric Sevilla, presidente del Comit\u00e9 Directivo Estatal del tricolor, record\u00f3 que el a\u00f1o pasado los tres partidos compitieron aliados en las elecciones de ayuntamientos y diputados y obtuvieron medio mill\u00f3n de votos m\u00e1s que Morena y sus aliados, situaci\u00f3n que augur\u00f3 volver\u00e1 ocurrir en los comicios del a\u00f1o entrante.<\/strong><\/span><\/p>\n<p>&nbsp;<\/p>\n<p><span style=\"font-size: 18pt; color: #e42d33;\"><strong>PAN<\/strong><\/span><\/p>\n<p class=\"p1\"><span style=\"font-size: 18pt;\"><strong>El l\u00edder del panismo mexiquense, Anuar Azar, revel\u00f3 que una vez que el PRI asumi\u00f3 el compromiso de no apoyar la reforma electoral propuesta por el presidente Andr\u00e9s Manuel L\u00f3pez Obrador, ya no hay impedimento para negociar esta alianza que, asegur\u00f3, no ser\u00e1 \u00fanicamente electoral, sino para construir un gobierno de coalici\u00f3n que le d\u00e9 respuesta a las necesidades de la gente.<\/strong><\/span><\/p>\n<p>&nbsp;<\/p>\n<div style=\"width: 490px;\" class=\"wp-video\"><video class=\"wp-video-shortcode\" id=\"video-10139-1\" width=\"490\" height=\"270\" preload=\"metadata\" controls=\"controls\"><source type=\"video\/mp4\" src=\"https:\/\/politicosaldesnudo.com.mx\/wp-content\/uploads\/2022\/11\/zxbmtM9Ib7qA6hlf.mp4?_=1\" \/><a href=\"https:\/\/politicosaldesnudo.com.mx\/wp-content\/uploads\/2022\/11\/zxbmtM9Ib7qA6hlf.mp4\">https:\/\/politicosaldesnudo.com.mx\/wp-content\/uploads\/2022\/11\/zxbmtM9Ib7qA6hlf.mp4<\/a><\/video><\/div>\n<p>&nbsp;<\/p>\n<p class=\"p1\"><span style=\"font-size: 14pt;\">De paso, el panista dijo que la propuesta de su partido para encabezar la coalici\u00f3n es el diputado Enrique Vargas del Villar, de quien se\u00f1al\u00f3 ser\u00eda una opci\u00f3n muy competitiva para enfrentar a Delfina G\u00f3mez, quien ser\u00e1 la abanderada de Morena y sus aliados.<\/span><\/p>\n<p>&nbsp;<\/p>\n<blockquote>\n<p class=\"p1\"><span style=\"font-size: 14pt;\">La gente nos exige construir un polo opositor a Morena y a sus aliados; estamos obligados a construir un proyecto pol\u00edtico que genere mayor bienestar a la gente\u201d, dijo Anuar Azar, mientras que Eric Sevilla acot\u00f3 que se buscar\u00e1 llegar a los consensos m\u00e1s amplios posibles para tener lista la alianza antes de enero.<\/span><\/p>\n<\/blockquote>\n<p>&nbsp;<\/p>\n<p><span style=\"font-size: 18pt; color: #e42d33;\"><strong>PRD<\/strong><\/span><\/p>\n<p class=\"p1\"><span style=\"font-size: 18pt;\"><strong>Agust\u00edn Barrera, delegado del PRD en el Estado de M\u00e9xico, alert\u00f3 que en el Estado de M\u00e9xico habr\u00e1 una elecci\u00f3n de Estado, pues el gobierno federal y el Presidente se volcar\u00e1n al territorio estatal con la entrega de programas sociales.<\/strong><\/span><\/p>\n<p class=\"p1\"><span style=\"font-size: 14pt;\">Las mesas de negociaci\u00f3n arrancar\u00e1n este viernes con Enrique Mart\u00ednez Orta Flores, secretario de elecciones del CDE del PRI, como cabeza del equipo t\u00e9cnico jur\u00eddico del tricolor; Anuar Azar y Teresa Ginez, como las cabezas del PAN y Javier Rivera, secretario general del PRD mexiquense, como el negociador principal del partido del sol azteca.<\/span><\/p>\n<p class=\"p1\"><span style=\"font-size: 18pt;\"><strong>En las negociaciones no se tiene pensado incluir a Alejandra del Moral Vela, a quien el PRI nombr\u00f3 como coordinadora por la Defensa del Estado de M\u00e9xico y que a la postre ser\u00e1 su precandidata al gobierno del estado, ni a Enrique Vargas, aunque \u00e9ste estar\u00e1 enterado de todo lo que se acuerde en las mesas t\u00e9cnicas.<\/strong><\/span><\/p>\n<p>&nbsp;<\/p>\n<p>&nbsp;<\/p>\n<p>&nbsp;<\/p>\n<p>&nbsp;<\/p>\n<p>&nbsp;<\/p>\n","protected":false},"excerpt":{"rendered":"<p>&nbsp; TOLUCA, EDOMEX. Las dirigencias estatales del PAN, PRI y PRD anunciaron el inicio formal de las negociaciones para concretar<\/p>\n","protected":false},"author":4,"featured_media":10140,"comment_status":"closed","ping_status":"closed","sticky":false,"template":"","format":"standard","meta":{"colormag_page_container_layout":"default_layout","colormag_page_sidebar_layout":"default_layout","_jetpack_memberships_contains_paid_content":false,"footnotes":"","jetpack_publicize_message":"","jetpack_publicize_feature_enabled":true,"jetpack_social_post_already_shared":true,"jetpack_social_options":{"image_generator_settings":{"template":"highway","default_image_id":0,"font":"","enabled":false},"version":2}},"categories":[145],"tags":[932,347,84,74,286,194],"class_list":["post-10139","post","type-post","status-publish","format-standard","has-post-thumbnail","hentry","category-estados","tag-alianza","tag-estado-de-mexico","tag-morena","tag-pan","tag-prd","tag-pri"],"jetpack_publicize_connections":[],"jetpack_featured_media_url":"https:\/\/noticiasveracruz.com\/wp-content\/uploads\/2022\/11\/P-PRI-EDOMEX-1.png","jetpack_sharing_enabled":true,"publishpress_future_action":{"enabled":false,"date":"2026-05-03 18:12:49","action":"change-status","newStatus":"draft","terms":[],"taxonomy":"category","extraData":[]},"publishpress_future_workflow_manual_trigger":{"enabledWorkflows":[]},"_links":{"self":[{"href":"https:\/\/noticiasveracruz.com\/index.php\/wp-json\/wp\/v2\/posts\/10139","targetHints":{"allow":["GET"]}}],"collection":[{"href":"https:\/\/noticiasveracruz.com\/index.php\/wp-json\/wp\/v2\/posts"}],"about":[{"href":"https:\/\/noticiasveracruz.com\/index.php\/wp-json\/wp\/v2\/types\/post"}],"author":[{"embeddable":true,"href":"https:\/\/noticiasveracruz.com\/index.php\/wp-json\/wp\/v2\/users\/4"}],"replies":[{"embeddable":true,"href":"https:\/\/noticiasveracruz.com\/index.php\/wp-json\/wp\/v2\/comments?post=10139"}],"version-history":[{"count":0,"href":"https:\/\/noticiasveracruz.com\/index.php\/wp-json\/wp\/v2\/posts\/10139\/revisions"}],"wp:featuredmedia":[{"embeddable":true,"href":"https:\/\/noticiasveracruz.com\/index.php\/wp-json\/wp\/v2\/media\/10140"}],"wp:attachment":[{"href":"https:\/\/noticiasveracruz.com\/index.php\/wp-json\/wp\/v2\/media?parent=10139"}],"wp:term":[{"taxonomy":"category","embeddable":true,"href":"https:\/\/noticiasveracruz.com\/index.php\/wp-json\/wp\/v2\/categories?post=10139"},{"taxonomy":"post_tag","embeddable":true,"href":"https:\/\/noticiasveracruz.com\/index.php\/wp-json\/wp\/v2\/tags?post=10139"}],"curies":[{"name":"wp","href":"https:\/\/api.w.org\/{rel}","templated":true}]}}