{"id":10129,"date":"2022-11-17T15:09:06","date_gmt":"2022-11-17T21:09:06","guid":{"rendered":"https:\/\/noticiasveracruz.com\/?p=10129"},"modified":"2022-11-17T15:09:37","modified_gmt":"2022-11-17T21:09:37","slug":"mexico-rechaza-medidas-migratorias-de-greg-abbott-se-inmiscuye-en-el-control-federal","status":"publish","type":"post","link":"https:\/\/noticiasveracruz.com\/index.php\/2022\/11\/17\/mexico-rechaza-medidas-migratorias-de-greg-abbott-se-inmiscuye-en-el-control-federal\/","title":{"rendered":"M\u00e9xico rechaza medidas migratorias de Greg Abbott, se inmiscuye en el control federal"},"content":{"rendered":"<p>&nbsp;<\/p>\n<p class=\"p2\"><span style=\"font-size: 14pt;\"><em><strong>CIUDAD DE M\u00c9XICO.<\/strong> <\/em>El <strong>Gobierno de M\u00e9xico rechaz\u00f3 las medidas<\/strong> anunciadas por el gobernador de Texas, <strong>Greg Abbott<\/strong>, al <strong>inmiscuirse como autoridad estatal en acciones de control migratorio y fronterizo<\/strong> entre ambos pa\u00edses.<\/span><\/p>\n<p class=\"p2\"><span style=\"font-size: 18pt;\"><strong>De acuerdo con un comunicado de la Secretar\u00eda de Relaciones Exteriores de M\u00e9xico la aplicaci\u00f3n de las leyes migratorias, <span style=\"color: #e42d33;\">el control de la frontera y la negociaci\u00f3n de acuerdos internacionales en Estados Unidos son facultades exclusivas del Gobierno federal<\/span>, por lo que el di\u00e1logo bilateral deber\u00e1 establecerse solo a ese nivel.<\/strong><\/span><\/p>\n<p>&nbsp;<\/p>\n<blockquote class=\"twitter-tweet\" data-width=\"550\" data-dnt=\"true\">\n<p lang=\"en\" dir=\"ltr\">I invoked the Invasion Clauses of the U.S. &amp; Texas Constitutions to fully authorize Texas to take unprecedented measures to defend our state against an invasion.<\/p>\n<p>I&#39;m using that constitutional authority, &amp; other authorization &amp; Executive Orders to keep our state &amp; country safe: <a href=\"https:\/\/t.co\/2Jt5HEMgp5\">pic.twitter.com\/2Jt5HEMgp5<\/a><\/p>\n<p>&mdash; Greg Abbott (@GregAbbott_TX) <a href=\"https:\/\/twitter.com\/GregAbbott_TX\/status\/1592553350129909762?ref_src=twsrc%5Etfw\">November 15, 2022<\/a><\/p><\/blockquote>\n<p><script async src=\"https:\/\/platform.twitter.com\/widgets.js\" charset=\"utf-8\"><\/script><\/p>\n<p>&nbsp;<\/p>\n<blockquote>\n<p class=\"p2\"><span style=\"font-size: 14pt;\">Las medidas anunciadas por el gobernador, Greg Abbot en todo caso, se pueden entender como medidas de corte pol\u00edtico\u201d<\/span><\/p>\n<\/blockquote>\n<p>&nbsp;<\/p>\n<p class=\"p2\"><span style=\"font-size: 18pt; color: #e42d33;\"><strong>Y es el republicano Greg Abbot se ha sumado a los primeros compases de la contienda por la presidencia como candidato para 2024.<\/strong><\/span><\/p>\n<p class=\"p2\"><span style=\"font-size: 14pt;\">Recientemente, Abbot public\u00f3 en su cuenta de Twitter que est\u00e1 invocando cl\u00e1usulas relativas al concepto de \u201cinvasi\u00f3n\u201d en las constituciones federal y estadual para movilizar a la Guardia Nacional y a otras fuerzas para cerrar la frontera a lo largo de Texas.<\/span><\/p>\n<p class=\"p2\"><span style=\"font-size: 18pt; color: #e42d33;\"><strong>Analistas confirman que EU\u00a0ha endurecido la pol\u00edtica en materia de migraci\u00f3n, aumentando las medidas restrictivas para frenar a los inmigrantes indocumentados, principalmente provenientes de toda Am\u00e9rica Latina y El Caribe, que cruzan por la frontera norte de M\u00e9xico.<\/strong><\/span><\/p>\n<p>&nbsp;<\/p>\n<p><img loading=\"lazy\" decoding=\"async\" class=\"aligncenter wp-image-12690 size-large\" src=\"https:\/\/politicosaldesnudo.com.mx\/wp-content\/uploads\/2022\/11\/P-GREG-ABBOT-2-1024x573.png\" alt=\"\" width=\"800\" height=\"448\" \/><\/p>\n<p>&nbsp;<\/p>\n<p class=\"p2\"><span style=\"font-size: 18pt;\"><strong>El Gobierno de M\u00e9xico reitera su compromiso con la protecci\u00f3n de los mexicanos que se encuentran en el extranjero, por lo que la red de consulados en el estado de Texas estar\u00e1 alerta a la violaci\u00f3n de sus derechos por parte de cualquier autoridad\u201d<\/strong><\/span><\/p>\n<p class=\"p2\"><span style=\"font-size: 14pt;\">De igual forma, concluyen que M\u00e9xico seguir\u00e1 trabajando para lograr una migraci\u00f3n m\u00e1s ordenada, segura y humana.<\/span><\/p>\n<p>&nbsp;<\/p>\n<p>&nbsp;<\/p>\n","protected":false},"excerpt":{"rendered":"<p>&nbsp; CIUDAD DE M\u00c9XICO. El Gobierno de M\u00e9xico rechaz\u00f3 las medidas anunciadas por el gobernador de Texas, Greg Abbott, al<\/p>\n","protected":false},"author":4,"featured_media":10130,"comment_status":"closed","ping_status":"closed","sticky":false,"template":"","format":"standard","meta":{"colormag_page_container_layout":"default_layout","colormag_page_sidebar_layout":"default_layout","_jetpack_memberships_contains_paid_content":false,"footnotes":"","jetpack_publicize_message":"","jetpack_publicize_feature_enabled":true,"jetpack_social_post_already_shared":true,"jetpack_social_options":{"image_generator_settings":{"template":"highway","default_image_id":0,"font":"","enabled":false},"version":2}},"categories":[355],"tags":[1719,1718,31,418,497],"class_list":["post-10129","post","type-post","status-publish","format-standard","has-post-thumbnail","hentry","category-internacional","tag-frontera","tag-greg-abbot","tag-mexico","tag-migracion","tag-texas"],"jetpack_publicize_connections":[],"jetpack_featured_media_url":"https:\/\/noticiasveracruz.com\/wp-content\/uploads\/2022\/11\/P-GREG-ABBOT-1.png","jetpack_sharing_enabled":true,"publishpress_future_action":{"enabled":false,"date":"2026-05-03 15:12:12","action":"change-status","newStatus":"draft","terms":[],"taxonomy":"category","extraData":[]},"publishpress_future_workflow_manual_trigger":{"enabledWorkflows":[]},"_links":{"self":[{"href":"https:\/\/noticiasveracruz.com\/index.php\/wp-json\/wp\/v2\/posts\/10129","targetHints":{"allow":["GET"]}}],"collection":[{"href":"https:\/\/noticiasveracruz.com\/index.php\/wp-json\/wp\/v2\/posts"}],"about":[{"href":"https:\/\/noticiasveracruz.com\/index.php\/wp-json\/wp\/v2\/types\/post"}],"author":[{"embeddable":true,"href":"https:\/\/noticiasveracruz.com\/index.php\/wp-json\/wp\/v2\/users\/4"}],"replies":[{"embeddable":true,"href":"https:\/\/noticiasveracruz.com\/index.php\/wp-json\/wp\/v2\/comments?post=10129"}],"version-history":[{"count":0,"href":"https:\/\/noticiasveracruz.com\/index.php\/wp-json\/wp\/v2\/posts\/10129\/revisions"}],"wp:featuredmedia":[{"embeddable":true,"href":"https:\/\/noticiasveracruz.com\/index.php\/wp-json\/wp\/v2\/media\/10130"}],"wp:attachment":[{"href":"https:\/\/noticiasveracruz.com\/index.php\/wp-json\/wp\/v2\/media?parent=10129"}],"wp:term":[{"taxonomy":"category","embeddable":true,"href":"https:\/\/noticiasveracruz.com\/index.php\/wp-json\/wp\/v2\/categories?post=10129"},{"taxonomy":"post_tag","embeddable":true,"href":"https:\/\/noticiasveracruz.com\/index.php\/wp-json\/wp\/v2\/tags?post=10129"}],"curies":[{"name":"wp","href":"https:\/\/api.w.org\/{rel}","templated":true}]}}