{"id":10123,"date":"2022-11-17T08:19:51","date_gmt":"2022-11-17T14:19:51","guid":{"rendered":"https:\/\/noticiasveracruz.com\/?p=10123"},"modified":"2022-11-17T08:19:51","modified_gmt":"2022-11-17T14:19:51","slug":"la-cofradia-atlacomulco-se-extingue","status":"publish","type":"post","link":"https:\/\/noticiasveracruz.com\/index.php\/2022\/11\/17\/la-cofradia-atlacomulco-se-extingue\/","title":{"rendered":"La cofrad\u00eda Atlacomulco se extingue\u00a0"},"content":{"rendered":"<p class=\"p1\">\n<p class=\"p1\"><span style=\"font-size: 18pt;\"><strong>Por Norma Meraz<\/strong><\/span><\/p>\n<p class=\"p1\"><span style=\"font-size: 14pt;\">Soy de la idea de no gastar m\u00e1s tinta y tiempo hablando de la manifestaci\u00f3n ciudadana, ni del encono del Presidente Andr\u00e9s Manuel L\u00f3pez Obrador por haber visto -como regalo de cumplea\u00f1os-, a miles<span class=\"Apple-converted-space\">\u00a0 <\/span>de mexicanos de todas las edades -hasta personas mayores en silla de ruedas- y niveles socioecon\u00f3micos en la capital del pa\u00eds, en 50 ciudades del territorio nacional, tambi\u00e9n en Espa\u00f1a e Italia, llenando calles para expresar su inconformidad ante los empe\u00f1os del poder ejecutivo en pulverizar los empe\u00f1os de los mexicanos que aspiran a vivir en un Mexico mejor.<\/span><\/p>\n<p class=\"p1\"><span style=\"font-size: 14pt;\">Centr\u00e9monos en el hoy, en c\u00f3mo defender los avances democr\u00e1ticos que se ven amenazados por las intenciones mal\u00e9volas y absolutistas de algunos pol\u00edticos que actualmente detentan el poder .<\/span><\/p>\n<p class=\"p1\"><span style=\"font-size: 14pt;\">A estas fechas, la \u00fanica fuerza opositora a esas aviesas intenciones es, la sociedad que no pertenece a partidos pol\u00edticos pues, estos han perdido toda credibilidad ya que, se convirtieron en gran medida en mercaderes de la pol\u00edtica.<\/span><\/p>\n<p class=\"p1\"><span style=\"font-size: 14pt;\">Las clases medias, hoy proletarizadas que aportaron su voto a los partidos de anta\u00f1o-PRI, PAN, PRD, PT, PARM y otros-, ha sido aplastada por la pol\u00edtica de la 4T.<\/span><\/p>\n<p class=\"p1\"><span style=\"font-size: 14pt;\">Desde el inicio de este gobierno lopezobradorista, fueron expulsados de su puesto de trabajo, m\u00e1s de 4 millones bur\u00f3cratas muchos peque\u00f1os y medianos negocios negocios que ante la falta de est\u00edmulos fiscales, adem\u00e1s de la llegada de la pandemia del Covid, tuvieron que cerrar.<\/span><\/p>\n<p class=\"p1\"><span style=\"font-size: 14pt;\">El campo dej\u00f3 de recibir atenci\u00f3n y apoyos como cr\u00e9ditos oportunos, semillas, fertilizantes y diesel, por lo que hoy en lugar de producir, suficientes alimentos para consumo interno , se tiene que importar m\u00e1s del 80% del ma\u00edz que consumimos -alimento b\u00e1sico de los mexicanos-, los mexicas llamaban al ma\u00edz \u201cel pan de la tierra\u201d.<\/span><\/p>\n<p class=\"p1\"><span style=\"font-size: 14pt;\">Mexico siendo un pa\u00eds petrolero importa m\u00e1s del 80% de la gasolina que consumimos y si volteamos a ver cu\u00e1les son las necesidades de gas que requieren las empresas que m\u00e1s empleo generan, tambi\u00e9n est\u00e1n importando enormes cantidades de este indispensable insumo .<\/span><\/p>\n<p class=\"p1\"><span style=\"font-size: 14pt;\">A cuatro a\u00f1os de haber iniciado este sexenio morenista , seguimos sin tener medicamentos para curar el c\u00e1ncer y el sistema de salud p\u00fablica se desmorona ; al desaparecer el Seguro Popular, L\u00f3pez Obrador de un plumazo lo sustituy\u00f3 por el Insabi (Instituto Nacional de Salud para el Bienestar) que naci\u00f3 muerto, dejo a tres millones de familias sin servicio m\u00e9dico gratuito , de la noche a la ma\u00f1ana ; y ahora otra ocurrencia, c\u00f3mo el Insabi no existe, crean el IMSS-Bienestar, otro monstruo sin cabeza, pues si el IMSS de por s\u00ed, es incapaz de atender a los enfermos afiliados, menos va a poder absorber para su atenci\u00f3n, a los enfermos que dej\u00f3 hu\u00e9rfanos el Seguro Popular.<\/span><\/p>\n<p class=\"p1\"><span style=\"font-size: 14pt;\">Del tema educativo ni hablar, la pandemia puso al descubierto la incapacidad del Estado para reaccionar ante el imprevisto y dej\u00f3 a millones de educandos estancados primero y atrasados despu\u00e9s, perdiendo as\u00ed, dos ciclos que dif\u00edcilmente recuperar\u00e1n, sobre todo los estudiantes de primaria, secundaria y preparatoria, ya que ni los maestros y menos los escolapios contaban con computadora y capacitaci\u00f3n para hacer frente al reto de ense\u00f1ar unos y aprender los otros a distancia y a trav\u00e9s de la tecnolog\u00eda .<\/span><\/p>\n<p class=\"p1\"><span style=\"font-size: 14pt;\">Bueno y que decir de la inseguridad que abraza a todo el territorio mexicano .<\/span><\/p>\n<p class=\"p1\"><span style=\"font-size: 14pt;\">Las emboscadas no cesan, los asesinatos, las desapariciones, los feminicidios en aumento cada d\u00eda y la justicia, brilla por su ausencia .<\/span><\/p>\n<p class=\"p1\"><span style=\"font-size: 14pt;\">C\u00f3mo se atreve el Presidente L\u00f3pez Obrador a afirmar que vamos bien, muy bien yo <\/span><span style=\"font-size: 14pt;\">la verdad no entiendo a qu\u00e9 se refiere cuando hace esa afirmaci\u00f3n, pero tal vez porque como \u00e9l dice \u00a1\u201c yo tengo otros datos\u201d! mi capacidad de entendimiento no da m\u00e1s.<\/span><\/p>\n<p class=\"p1\"><span style=\"font-size: 14pt;\">El se\u00f1or Presidente parece que juega a \u201clas vencidas\u201d a ver qui\u00e9n puede m\u00e1s, si quienes no est\u00e1n de acuerdo con \u00e9l o \u00e9l y su af\u00e1n absolutista .<\/span><\/p>\n<p class=\"p1\"><span style=\"font-size: 14pt;\">En lo que toca al tema pol\u00edtico, L\u00f3pez Obrador ya tiene una alcanc\u00eda llena para gastar en la campa\u00f1a electoral del Edomex.<\/span><\/p>\n<p class=\"p1\"><span style=\"font-size: 14pt;\">Su candidata, la maestra Delfina , podr\u00e1 disponer de toneladas de dinero para invertirle a sus acarreos, matracas y banderolas que la acompa\u00f1en a recorrer los 125 municipios que seguramente no alcanz\u00f3 a conocer en su campa\u00f1a anterior , contra Alfredito del Mazo Maza, quien seguramente ya entreg\u00f3 la plaza al gentil hombre de Palacio pues su candidata Alejandra del Moral, a\u00fan no logra concretar su candidatura arropada con la coalici\u00f3n PRI,PAN,PRD, <\/span><span style=\"font-size: 14pt;\">MC, que logre rasgu\u00f1ar algunos votos; adem\u00e1s hay que tomar en cuenta que, Alejandro Moreno , cabeza del PRI nacional , no congenia con la Cofrad\u00eda- Atlacomulco, que casi se extingue ante la opacidad pol\u00edtica del gobernador del Mazo, que es m\u00e1s gris que una tarde nublada.<\/span><\/p>\n<p class=\"p1\"><span style=\"font-size: 14pt;\">Los dos hijos de Atlacomulco: Enriquito Pe\u00f1a Nieto, \u201cel madrile\u00f1o\u201d y Arturo Montiel , el perseguido por la justicia desde los tiempos de Felipe Calder\u00f3n, pero que gracias a la prontitud con que actu\u00f3 Juan Collado para sacarlo del pa\u00eds en su avi\u00f3n privado, Montiel escap\u00f3 de la c\u00e1rcel y hoy nada podr\u00e1n los hijos de Atlacomulco aportar a las elecciones en el Edomex. \u00a1Digamos la Verdad!<\/span><\/p>\n<p>&nbsp;<\/p>\n<p>&nbsp;<\/p>\n<p><span style=\"font-size: 18pt; color: #e42d33;\"><em><strong>**Las columnas firmadas en este medio son responsabilidad de quienes las firman**<\/strong><\/em><\/span><\/p>\n<p>&nbsp;<\/p>\n","protected":false},"excerpt":{"rendered":"<p>Por Norma Meraz Soy de la idea de no gastar m\u00e1s tinta y tiempo hablando de la manifestaci\u00f3n ciudadana, ni<\/p>\n","protected":false},"author":4,"featured_media":10124,"comment_status":"closed","ping_status":"closed","sticky":false,"template":"","format":"standard","meta":{"colormag_page_container_layout":"default_layout","colormag_page_sidebar_layout":"default_layout","_jetpack_memberships_contains_paid_content":false,"footnotes":"","jetpack_publicize_message":"","jetpack_publicize_feature_enabled":true,"jetpack_social_post_already_shared":true,"jetpack_social_options":{"image_generator_settings":{"template":"highway","default_image_id":0,"font":"","enabled":false},"version":2}},"categories":[6],"tags":[],"class_list":["post-10123","post","type-post","status-publish","format-standard","has-post-thumbnail","hentry","category-columnistas"],"jetpack_publicize_connections":[],"jetpack_featured_media_url":"https:\/\/noticiasveracruz.com\/wp-content\/uploads\/2022\/11\/P-NORMA-MERAZ-NV.png","jetpack_sharing_enabled":true,"publishpress_future_action":{"enabled":false,"date":"2026-05-03 13:53:04","action":"change-status","newStatus":"draft","terms":[],"taxonomy":"category","extraData":[]},"publishpress_future_workflow_manual_trigger":{"enabledWorkflows":[]},"_links":{"self":[{"href":"https:\/\/noticiasveracruz.com\/index.php\/wp-json\/wp\/v2\/posts\/10123","targetHints":{"allow":["GET"]}}],"collection":[{"href":"https:\/\/noticiasveracruz.com\/index.php\/wp-json\/wp\/v2\/posts"}],"about":[{"href":"https:\/\/noticiasveracruz.com\/index.php\/wp-json\/wp\/v2\/types\/post"}],"author":[{"embeddable":true,"href":"https:\/\/noticiasveracruz.com\/index.php\/wp-json\/wp\/v2\/users\/4"}],"replies":[{"embeddable":true,"href":"https:\/\/noticiasveracruz.com\/index.php\/wp-json\/wp\/v2\/comments?post=10123"}],"version-history":[{"count":0,"href":"https:\/\/noticiasveracruz.com\/index.php\/wp-json\/wp\/v2\/posts\/10123\/revisions"}],"wp:featuredmedia":[{"embeddable":true,"href":"https:\/\/noticiasveracruz.com\/index.php\/wp-json\/wp\/v2\/media\/10124"}],"wp:attachment":[{"href":"https:\/\/noticiasveracruz.com\/index.php\/wp-json\/wp\/v2\/media?parent=10123"}],"wp:term":[{"taxonomy":"category","embeddable":true,"href":"https:\/\/noticiasveracruz.com\/index.php\/wp-json\/wp\/v2\/categories?post=10123"},{"taxonomy":"post_tag","embeddable":true,"href":"https:\/\/noticiasveracruz.com\/index.php\/wp-json\/wp\/v2\/tags?post=10123"}],"curies":[{"name":"wp","href":"https:\/\/api.w.org\/{rel}","templated":true}]}}