{"id":10116,"date":"2022-11-17T07:40:30","date_gmt":"2022-11-17T13:40:30","guid":{"rendered":"https:\/\/noticiasveracruz.com\/?p=10116"},"modified":"2022-11-17T07:40:53","modified_gmt":"2022-11-17T13:40:53","slug":"10116","status":"publish","type":"post","link":"https:\/\/noticiasveracruz.com\/index.php\/2022\/11\/17\/10116\/","title":{"rendered":"Nueva izquierda y oportunismo"},"content":{"rendered":"<p>&nbsp;<\/p>\n<p><span style=\"font-size: 18pt;\"><strong>Por Arturo Salcido Beltr\u00e1n <\/strong><\/span><\/p>\n<p class=\"p1\"><span style=\"font-size: 14pt;\">La lucha electoral actual No tiene definiciones ni fronteras ideol\u00f3gicas; toda la propaganda se mueve sobre bases huecas que domina la mercadotecnia. Es igual para izquierda y derecha. <\/span><span style=\"font-size: 14pt;\">Cada candidato, cada partido lanza frases que no dicen nada y que cualquiera puede aceptar, sin rumbo, sin compromiso, sin definici\u00f3n. Hasta intemporales.<\/span><\/p>\n<p class=\"p1\"><span style=\"font-size: 14pt;\">Las recientes elecciones en Brasil son un claro ejemplo de esta ambig\u00fcedad en que vivimos; el triunfo de Lula, candidato del partido de los trabajadores y de una tremenda alianza de organizaciones consideradas de izquierda obtiene 60 millones de votos, pero el candidato de la derecha, un tipo deleznable en todos sentidos obtiene<span class=\"Apple-converted-space\">\u00a0 <\/span>58 millones. <\/span><\/p>\n<p>&nbsp;<\/p>\n<p class=\"p1\"><span style=\"font-size: 18pt; color: #e42d33;\"><strong>\u00bfCu\u00e1les fueron las propuestas entre uno y otro?<\/strong><\/span><\/p>\n<p class=\"p1\"><span style=\"font-size: 14pt;\">Mientras en EU la mentirosa democracia americana se reparti\u00f3 las c\u00e1maras del Congreso y las gubernaturas entre millonarios respaldados por multimillonarios, la divisi\u00f3n entre preferencias electorales es impresionante, pr\u00e1cticamente est\u00e1n empatados en todo, con odios acumulados, cada distrito, cada estado es peleado palmo a palmo. Parece una pelea arreglada pero tiene mucho m\u00e1s que eso. A todos los pol\u00edticos norteamericanos los sostiene la maquinaria de guerra.<\/span><\/p>\n<p class=\"p1\"><span style=\"font-size: 14pt;\">\u00bfCu\u00e1l es la diferencia pol\u00edtica entre azules y colorados en EU? Un viejo chiste explicaba la principal diferencia entre republicanos y dem\u00f3cratas, se\u00f1alando que los conservadores van a misa de ocho de la ma\u00f1ana y los liberales a las doce.<\/span><\/p>\n<p class=\"p1\"><span style=\"font-size: 14pt;\">En Colombia triunfa Petro entre amenazas y represi\u00f3n dirigida desde los organismos fascistas de EU contra un candidato de derecha que representa d\u00e9cadas de terror y sin embargo, la diferencia entre ambos es m\u00ednima.<\/span><\/p>\n<p class=\"p1\"><span style=\"font-size: 14pt;\">Petro es un gigante, el l\u00edder ideol\u00f3gico actual m\u00e1s s\u00f3lido de Am\u00e9rica Latina, d\u00e9cadas de lucha y de hero\u00edsmo lo respaldan pero, no gan\u00f3 por sus propuesta ganaron \u00e9l con su tremenda trayectoria de d\u00e9cadas de lucha y su gran vicepresidenta.<\/span><\/p>\n<p class=\"p1\"><span style=\"font-size: 14pt;\">Nos podemos seguir as\u00ed, pa\u00eds por pa\u00eds y ver con benepl\u00e1cito militante, el avance electoral y los triunfos de la izquierda en nuestra regi\u00f3n, a la vez que debemos preocuparnos porque no hay mayor compromiso ideol\u00f3gico, ni<span class=\"Apple-converted-space\">\u00a0 <\/span>pronunciamiento pol\u00edtico, ni programa de fondo. Por ning\u00fan lado aparece un proyecto nacional. Claro, entendemos y queremos entender que detr\u00e1s de las palabras transformaci\u00f3n, cambio, reforma, progreso, bienestar, enarboladas por las organizaciones que nos simpatizan est\u00e1n verdaderos prop\u00f3sitos de construcci\u00f3n de una nueva sociedad m\u00e1s justa, m\u00e1s igualitaria, m\u00e1s libre, con mayor bienestar para todos, y lo celebramos; pero la derecha dice lo mismo.<\/span><\/p>\n<p>&nbsp;<\/p>\n<p class=\"p1\"><span style=\"font-size: 18pt; color: #e42d33;\"><strong>\u00bfQu\u00e9 propone \u00e9sta izquierda? \u00bfQu\u00e9 sigue ?<\/strong><\/span><\/p>\n<p class=\"p1\"><span style=\"font-size: 14pt;\">En Europa, adem\u00e1s del sometimiento vergonzoso de los gobiernos europeos a su pueblos a las exigencias desmedidas de EU, vemos el avance electoral de la derecha vinculada hist\u00f3ricamente al fascismo, pero es m\u00e1s grave el comportamiento de gobiernos supuestamente socialdem\u00f3cratas o incluso de partidos que se dicen socialistas actuando de rodillas a los dictados de su amo norteamericano.<\/span><\/p>\n<p>&nbsp;<\/p>\n<p class=\"p1\"><span style=\"font-size: 18pt; color: #e42d33;\"><strong>\u00bfCu\u00e1les son las diferencias pol\u00edticas entre izquierda y derecha en Europa?<\/strong><\/span><\/p>\n<p class=\"p1\"><span style=\"font-size: 14pt;\">Hist\u00f3ricamente podemos saber o suponer qu\u00e9 quiere la derecha europea y qu\u00e9 quiere lo que queda de izquierda, pero el lenguaje entre unos y otros no lo capta el pueblo. Ya no tiene nada que ver con lenguajes revolucionarios del pasado.<\/span><\/p>\n<p class=\"p1\"><span style=\"font-size: 14pt;\">Podemos considerar que el bienestar general alcanzado hasta hace unos a\u00f1os por las sociedades europeas, no lo lograr\u00edamos en Am\u00e9rica Latina ni en dos revoluciones, pero esos avances se los ha venido quitando el neoliberalismo con una gran facilidad, casi sin oposici\u00f3n, sin que se aprecie un esfuerzo real de las fuerzas hist\u00f3ricas de la izquierda socialista, peor a\u00fan, en ocasiones, es imposible dejar de ver cierta complicidad. Caso claro para nosotros a la distancia representa la actitud del PSOE, que por momentos parece que le prestan un rato el poder para que cumpla los programas de la derecha que el PP no se atrevi\u00f3.<\/span><\/p>\n<p>&nbsp;<\/p>\n<p class=\"p1\"><span style=\"font-size: 18pt; color: #e42d33;\"><strong>\u00bfQu\u00e9 propone la derecha ? <\/strong><\/span><\/p>\n<p class=\"p1\"><span style=\"font-size: 14pt;\">En el lenguaje, puede parecer lo mismo, o es tan vago, que no propone nada concreto, pero llegando al gobierno se encargan de disminuir en todo lo posible, lo logrado por gobiernos de mayor preocupaci\u00f3n por el beneficio colectivo. <\/span><\/p>\n<p class=\"p1\"><span style=\"font-size: 14pt;\">Y cuando la amplia izquierda logra nuevos triunfos electorales y logra tambi\u00e9n formar gobierno, queda, maniatada por no contar con amplia mayor\u00eda parlamentaria que le permita aprobar los cambios y los presupuestos necesarios. Luego vienen las presiones del imperialismo y de las burgues\u00edas locales, y de la mano con eso, nuestros amigos de izquierda deciden ir despacio, muy despacio para que nadie se espante. Dir\u00eda el gran poeta cubano, Nicol\u00e1s Guill\u00e9n, \u201c\u00bfQu\u00e9 van a decir los americanos?\u201d<\/span><\/p>\n<p class=\"p1\"><span style=\"font-size: 14pt;\">Falta lo peor la maquinaria electoral, s\u00f3lo funciona como maquinaria electoral.<\/span><\/p>\n<p class=\"p1\"><span style=\"font-size: 14pt;\">No hay partido, no hay ideolog\u00eda, no hay verdadera organizaci\u00f3n ni militancia y cuando llega la siguiente elecci\u00f3n se apoyan en candidatos populares, como si se tratara de elegir a la flor mas bella del ejido o del pueblo y en ese proceso se cuelan los representantes de los viejos partidos del poder, todo se confunde y se pierde, aunque se gane. <\/span><\/p>\n<p class=\"p1\"><span style=\"font-size: 14pt;\">Cuando los viejos pol\u00edticos de los sistemas corruptos anteriores, ganan las elecciones poni\u00e9ndose ropitas de pueblo y ganando la elecci\u00f3n para las nuevas organizaciones, todo se pierde.<\/span><\/p>\n<p class=\"p1\"><span style=\"font-size: 14pt;\">Debemos analizar lo que ocurre hoy en nuestra realidad circundante, en contraste con lo que hoy vive Europa y por supuesto en el contexto de la lucha de los gigantes por el dominio mundial.<\/span><\/p>\n<p>&nbsp;<\/p>\n<p>&nbsp;<\/p>\n<p class=\"p1\"><strong><span style=\"font-size: 18pt;\">* Diputado federal por el partido comunista mexicano, 1979-1982<\/span><\/strong><\/p>\n<p class=\"p1\"><strong><span style=\"font-size: 18pt;\">* Presidente del colegio nacional de economistas, 1989-1992<\/span><\/strong><\/p>\n<p>&nbsp;<\/p>\n<p class=\"p1\"><strong><span style=\"font-size: 18pt;\">Correo: <a href=\"mailto:asalcido.b@gmail.com\">asalcido.b@gmail.com<\/a><\/span><\/strong><\/p>\n<p class=\"p1\"><strong><span style=\"font-size: 18pt;\">Twitter: <a href=\"https:\/\/twitter.com\/AsalcidoB\">@AsalcidoB<\/a><\/span><\/strong><\/p>\n<p>&nbsp;<\/p>\n<p><span style=\"font-size: 18pt; color: #e42d33;\"><em><strong>**Las columnas firmadas en este medio son responsabilidad de quienes las firman**<\/strong><\/em><\/span><\/p>\n<p>&nbsp;<\/p>\n<p>&nbsp;<\/p>\n<p>&nbsp;<\/p>\n<p>&nbsp;<\/p>\n<p>&nbsp;<\/p>\n<p>&nbsp;<\/p>\n","protected":false},"excerpt":{"rendered":"<p>&nbsp; Por Arturo Salcido Beltr\u00e1n La lucha electoral actual No tiene definiciones ni fronteras ideol\u00f3gicas; toda la propaganda se mueve<\/p>\n","protected":false},"author":4,"featured_media":10117,"comment_status":"closed","ping_status":"closed","sticky":false,"template":"","format":"standard","meta":{"colormag_page_container_layout":"default_layout","colormag_page_sidebar_layout":"default_layout","_jetpack_memberships_contains_paid_content":false,"footnotes":"","jetpack_publicize_message":"","jetpack_publicize_feature_enabled":true,"jetpack_social_post_already_shared":true,"jetpack_social_options":{"image_generator_settings":{"template":"highway","default_image_id":0,"font":"","enabled":false},"version":2}},"categories":[6],"tags":[765,1094,152,564,1569],"class_list":["post-10116","post","type-post","status-publish","format-standard","has-post-thumbnail","hentry","category-columnistas","tag-america-latina","tag-derecha","tag-eu","tag-izquierda","tag-petro"],"jetpack_publicize_connections":[],"jetpack_featured_media_url":"https:\/\/noticiasveracruz.com\/wp-content\/uploads\/2022\/11\/P-ARTURO-SALCIDO-NV.png","jetpack_sharing_enabled":true,"publishpress_future_action":{"enabled":false,"date":"2026-05-03 11:22:43","action":"change-status","newStatus":"draft","terms":[],"taxonomy":"category","extraData":[]},"publishpress_future_workflow_manual_trigger":{"enabledWorkflows":[]},"_links":{"self":[{"href":"https:\/\/noticiasveracruz.com\/index.php\/wp-json\/wp\/v2\/posts\/10116","targetHints":{"allow":["GET"]}}],"collection":[{"href":"https:\/\/noticiasveracruz.com\/index.php\/wp-json\/wp\/v2\/posts"}],"about":[{"href":"https:\/\/noticiasveracruz.com\/index.php\/wp-json\/wp\/v2\/types\/post"}],"author":[{"embeddable":true,"href":"https:\/\/noticiasveracruz.com\/index.php\/wp-json\/wp\/v2\/users\/4"}],"replies":[{"embeddable":true,"href":"https:\/\/noticiasveracruz.com\/index.php\/wp-json\/wp\/v2\/comments?post=10116"}],"version-history":[{"count":0,"href":"https:\/\/noticiasveracruz.com\/index.php\/wp-json\/wp\/v2\/posts\/10116\/revisions"}],"wp:featuredmedia":[{"embeddable":true,"href":"https:\/\/noticiasveracruz.com\/index.php\/wp-json\/wp\/v2\/media\/10117"}],"wp:attachment":[{"href":"https:\/\/noticiasveracruz.com\/index.php\/wp-json\/wp\/v2\/media?parent=10116"}],"wp:term":[{"taxonomy":"category","embeddable":true,"href":"https:\/\/noticiasveracruz.com\/index.php\/wp-json\/wp\/v2\/categories?post=10116"},{"taxonomy":"post_tag","embeddable":true,"href":"https:\/\/noticiasveracruz.com\/index.php\/wp-json\/wp\/v2\/tags?post=10116"}],"curies":[{"name":"wp","href":"https:\/\/api.w.org\/{rel}","templated":true}]}}